{"id":11614,"date":"2024-10-03T21:17:41","date_gmt":"2024-10-03T21:17:41","guid":{"rendered":"https:\/\/filmtopia.net\/?p=11614"},"modified":"2025-01-10T01:39:21","modified_gmt":"2025-01-10T01:39:21","slug":"critica-los-destellos","status":"publish","type":"post","link":"https:\/\/filmtopia.net\/es\/critica-los-destellos\/","title":{"rendered":"Los destellos: Difuminado en el fondo"},"content":{"rendered":"","protected":false},"excerpt":{"rendered":"","protected":false},"author":6,"featured_media":11610,"comment_status":"open","ping_status":"open","sticky":false,"template":"","format":"standard","meta":{"_acf_changed":false,"_relevanssi_hide_post":"","_relevanssi_hide_content":"","_relevanssi_pin_for_all":"","_relevanssi_pin_keywords":"","_relevanssi_unpin_keywords":"","_relevanssi_related_keywords":"","_relevanssi_related_include_ids":"","_relevanssi_related_exclude_ids":"","_relevanssi_related_no_append":"","_relevanssi_related_not_related":"","_relevanssi_related_posts":"","_relevanssi_noindex_reason":"","footnotes":""},"categories":[178,170,179,1228],"autor":[450],"credit":[463],"festivals":[],"film-year":[1452],"seccions":[88],"temps":[89],"top":[426],"class_list":["post-11614","post","type-post","status-publish","format-standard","has-post-thumbnail","hentry","category-critica-es","category-directoras","category-pelicula","category-pilar-palomero","autor-elena-del-olmo-es","credit-critica-es","film-year-2024-es","seccions-films-es","temps-presente","top-top-10-nacionales"],"acf":[],"yoast_head":"<!-- This site is optimized with the Yoast SEO plugin v27.5 - https:\/\/yoast.com\/product\/yoast-seo-wordpress\/ -->\n<title>Cr\u00edtica: Los destellos: Difuminado en el fondo &#8211; Filmtopia<\/title>\n<meta name=\"description\" content=\"Esta adaptaci\u00f3n intimista captura el proceso de reconstrucci\u00f3n de los v\u00ednculos entre Isabel, su hija y Ram\u00f3n, ahora sumido en una enfermedad\" \/>\n<meta name=\"robots\" content=\"index, follow, max-snippet:-1, max-image-preview:large, max-video-preview:-1\" \/>\n<link rel=\"canonical\" href=\"https:\/\/filmtopia.net\/es\/critica-los-destellos\/\" \/>\n<meta property=\"og:locale\" content=\"es_ES\" \/>\n<meta property=\"og:type\" content=\"article\" \/>\n<meta property=\"og:title\" content=\"Cr\u00edtica: Los destellos: Difuminado en el fondo\" \/>\n<meta property=\"og:description\" content=\"El tercer largometraje de Pilar Palomero compiti\u00f3 por la Concha de Oro durante la 72.\u00aaedici\u00f3n del Festival de San Sebasti\u00e1n. Esta adaptaci\u00f3n intimista de uno de los relatos de la antolog\u00eda Un coraz\u00f3n demasiado grande de Eider Rodr\u00edguez captura la pesadumbre del proceso de reconstrucci\u00f3n de los v\u00ednculos entre Isabel, su hija Madalen y Ram\u00f3n, ahora sumido en la enfermedad y dependiente del cuidado de las mujeres.\" \/>\n<meta property=\"og:url\" content=\"https:\/\/filmtopia.net\/es\/critica-los-destellos\/\" \/>\n<meta property=\"og:site_name\" content=\"Filmtopia\" \/>\n<meta property=\"article:publisher\" content=\"https:\/\/www.facebook.com\/people\/Filmtopia\/\" \/>\n<meta property=\"article:published_time\" content=\"2024-10-03T21:17:41+00:00\" \/>\n<meta property=\"article:modified_time\" content=\"2025-01-10T01:39:21+00:00\" \/>\n<meta property=\"og:image\" content=\"https:\/\/filmtopia.net\/wp-content\/uploads\/2024\/10\/LOS_DESTELLOS_POSTER_VERTICAL_SSFFACTRIZ_AAFF_LOW-scaled.jpg\" \/>\n\t<meta property=\"og:image:width\" content=\"1792\" \/>\n\t<meta property=\"og:image:height\" content=\"2560\" \/>\n\t<meta property=\"og:image:type\" content=\"image\/jpeg\" \/>\n<meta name=\"author\" content=\"aleix\" \/>\n<meta name=\"twitter:card\" content=\"summary_large_image\" \/>\n<meta name=\"twitter:title\" content=\"Cr\u00edtica: Los destellos: Difuminado en el fondo\" \/>\n<meta name=\"twitter:description\" content=\"El tercer largometraje de Pilar Palomero compiti\u00f3 por la Concha de Oro durante la 72.\u00aaedici\u00f3n del Festival de San Sebasti\u00e1n. Esta adaptaci\u00f3n intimista de uno de los relatos de la antolog\u00eda Un coraz\u00f3n demasiado grande de Eider Rodr\u00edguez captura la pesadumbre del proceso de reconstrucci\u00f3n de los v\u00ednculos entre Isabel, su hija Madalen y Ram\u00f3n, ahora sumido en la enfermedad y dependiente del cuidado de las mujeres.\" \/>\n<meta name=\"twitter:image\" content=\"https:\/\/filmtopia.net\/wp-content\/uploads\/2024\/10\/LOS_DESTELLOS_POSTER_VERTICAL_SSFFACTRIZ_AAFF_LOW-scaled.jpg\" \/>\n<meta name=\"twitter:label1\" content=\"Escrito por\" \/>\n\t<meta name=\"twitter:data1\" content=\"aleix\" \/>\n\t<meta name=\"twitter:label2\" content=\"Tiempo de lectura\" \/>\n\t<meta name=\"twitter:data2\" content=\"7 minutos\" \/>\n<script type=\"application\/ld+json\" class=\"yoast-schema-graph\">{\"@context\":\"https:\\\/\\\/schema.org\",\"@graph\":[{\"@type\":\"Article\",\"@id\":\"https:\\\/\\\/filmtopia.net\\\/es\\\/critica-los-destellos\\\/#article\",\"isPartOf\":{\"@id\":\"https:\\\/\\\/filmtopia.net\\\/es\\\/critica-los-destellos\\\/\"},\"author\":{\"name\":\"aleix\",\"@id\":\"https:\\\/\\\/filmtopia.net\\\/es\\\/#\\\/schema\\\/person\\\/94399ec91c54729105f4c2ef406f5e5e\"},\"headline\":\"Los destellos: Difuminado en el fondo\",\"datePublished\":\"2024-10-03T21:17:41+00:00\",\"dateModified\":\"2025-01-10T01:39:21+00:00\",\"mainEntityOfPage\":{\"@id\":\"https:\\\/\\\/filmtopia.net\\\/es\\\/critica-los-destellos\\\/\"},\"wordCount\":8,\"commentCount\":0,\"publisher\":{\"@id\":\"https:\\\/\\\/filmtopia.net\\\/es\\\/#organization\"},\"image\":{\"@id\":\"https:\\\/\\\/filmtopia.net\\\/es\\\/critica-los-destellos\\\/#primaryimage\"},\"thumbnailUrl\":\"https:\\\/\\\/filmtopia.net\\\/wp-content\\\/uploads\\\/2024\\\/10\\\/LOS_DESTELLOS_POSTER_VERTICAL_SSFFACTRIZ_AAFF_LOW-scaled.jpg\",\"articleSection\":[\"CR\u00cdTICA\",\"DIRECTORAS\",\"PEL\u00cdCULA\",\"Pilar Palomero\"],\"inLanguage\":\"es\",\"potentialAction\":[{\"@type\":\"CommentAction\",\"name\":\"Comment\",\"target\":[\"https:\\\/\\\/filmtopia.net\\\/es\\\/critica-los-destellos\\\/#respond\"]}]},{\"@type\":\"WebPage\",\"@id\":\"https:\\\/\\\/filmtopia.net\\\/es\\\/critica-los-destellos\\\/\",\"url\":\"https:\\\/\\\/filmtopia.net\\\/es\\\/critica-los-destellos\\\/\",\"name\":\"Cr\u00edtica: Los destellos: Difuminado en el fondo &#8211; Filmtopia\",\"isPartOf\":{\"@id\":\"https:\\\/\\\/filmtopia.net\\\/es\\\/#website\"},\"primaryImageOfPage\":{\"@id\":\"https:\\\/\\\/filmtopia.net\\\/es\\\/critica-los-destellos\\\/#primaryimage\"},\"image\":{\"@id\":\"https:\\\/\\\/filmtopia.net\\\/es\\\/critica-los-destellos\\\/#primaryimage\"},\"thumbnailUrl\":\"https:\\\/\\\/filmtopia.net\\\/wp-content\\\/uploads\\\/2024\\\/10\\\/LOS_DESTELLOS_POSTER_VERTICAL_SSFFACTRIZ_AAFF_LOW-scaled.jpg\",\"datePublished\":\"2024-10-03T21:17:41+00:00\",\"dateModified\":\"2025-01-10T01:39:21+00:00\",\"description\":\"Esta adaptaci\u00f3n intimista captura el proceso de reconstrucci\u00f3n de los v\u00ednculos entre Isabel, su hija y Ram\u00f3n, ahora sumido en una enfermedad\",\"breadcrumb\":{\"@id\":\"https:\\\/\\\/filmtopia.net\\\/es\\\/critica-los-destellos\\\/#breadcrumb\"},\"inLanguage\":\"es\",\"potentialAction\":[{\"@type\":\"ReadAction\",\"target\":[\"https:\\\/\\\/filmtopia.net\\\/es\\\/critica-los-destellos\\\/\"]}]},{\"@type\":\"ImageObject\",\"inLanguage\":\"es\",\"@id\":\"https:\\\/\\\/filmtopia.net\\\/es\\\/critica-los-destellos\\\/#primaryimage\",\"url\":\"https:\\\/\\\/filmtopia.net\\\/wp-content\\\/uploads\\\/2024\\\/10\\\/LOS_DESTELLOS_POSTER_VERTICAL_SSFFACTRIZ_AAFF_LOW-scaled.jpg\",\"contentUrl\":\"https:\\\/\\\/filmtopia.net\\\/wp-content\\\/uploads\\\/2024\\\/10\\\/LOS_DESTELLOS_POSTER_VERTICAL_SSFFACTRIZ_AAFF_LOW-scaled.jpg\",\"width\":1792,\"height\":2560},{\"@type\":\"BreadcrumbList\",\"@id\":\"https:\\\/\\\/filmtopia.net\\\/es\\\/critica-los-destellos\\\/#breadcrumb\",\"itemListElement\":[{\"@type\":\"ListItem\",\"position\":1,\"name\":\"Inici\",\"item\":\"https:\\\/\\\/filmtopia.net\\\/es\\\/home\\\/\"},{\"@type\":\"ListItem\",\"position\":2,\"name\":\"Cr\u00edtica: Los destellos: Difuminado en el fondo\"}]},{\"@type\":\"WebSite\",\"@id\":\"https:\\\/\\\/filmtopia.net\\\/es\\\/#website\",\"url\":\"https:\\\/\\\/filmtopia.net\\\/es\\\/\",\"name\":\"Filmtopia\",\"description\":\"La primera web especialitzada en cinema fet per dones\",\"publisher\":{\"@id\":\"https:\\\/\\\/filmtopia.net\\\/es\\\/#organization\"},\"potentialAction\":[{\"@type\":\"SearchAction\",\"target\":{\"@type\":\"EntryPoint\",\"urlTemplate\":\"https:\\\/\\\/filmtopia.net\\\/es\\\/?s={search_term_string}\"},\"query-input\":{\"@type\":\"PropertyValueSpecification\",\"valueRequired\":true,\"valueName\":\"search_term_string\"}}],\"inLanguage\":\"es\"},{\"@type\":\"Organization\",\"@id\":\"https:\\\/\\\/filmtopia.net\\\/es\\\/#organization\",\"name\":\"Filmtopia\",\"url\":\"https:\\\/\\\/filmtopia.net\\\/es\\\/\",\"logo\":{\"@type\":\"ImageObject\",\"inLanguage\":\"es\",\"@id\":\"https:\\\/\\\/filmtopia.net\\\/es\\\/#\\\/schema\\\/logo\\\/image\\\/\",\"url\":\"https:\\\/\\\/filmtopia.net\\\/wp-content\\\/uploads\\\/2024\\\/02\\\/cropped-Group-813.png\",\"contentUrl\":\"https:\\\/\\\/filmtopia.net\\\/wp-content\\\/uploads\\\/2024\\\/02\\\/cropped-Group-813.png\",\"width\":512,\"height\":512,\"caption\":\"Filmtopia\"},\"image\":{\"@id\":\"https:\\\/\\\/filmtopia.net\\\/es\\\/#\\\/schema\\\/logo\\\/image\\\/\"},\"sameAs\":[\"https:\\\/\\\/www.facebook.com\\\/people\\\/Filmtopia\\\/\",\"https:\\\/\\\/www.instagram.com\\\/filmtopia_net\\\/\"]},{\"@type\":\"Person\",\"@id\":\"https:\\\/\\\/filmtopia.net\\\/es\\\/#\\\/schema\\\/person\\\/94399ec91c54729105f4c2ef406f5e5e\",\"name\":\"aleix\",\"image\":{\"@type\":\"ImageObject\",\"inLanguage\":\"es\",\"@id\":\"https:\\\/\\\/secure.gravatar.com\\\/avatar\\\/fc23f76ada3c47b3c6b7e70d3e663c6f80d2966815e2566de077c9b383898212?s=96&d=mm&r=g\",\"url\":\"https:\\\/\\\/secure.gravatar.com\\\/avatar\\\/fc23f76ada3c47b3c6b7e70d3e663c6f80d2966815e2566de077c9b383898212?s=96&d=mm&r=g\",\"contentUrl\":\"https:\\\/\\\/secure.gravatar.com\\\/avatar\\\/fc23f76ada3c47b3c6b7e70d3e663c6f80d2966815e2566de077c9b383898212?s=96&d=mm&r=g\",\"caption\":\"aleix\"},\"url\":\"https:\\\/\\\/filmtopia.net\\\/es\\\/author\\\/aleix\\\/\"}]}<\/script>\n<!-- \/ Yoast SEO plugin. -->","yoast_head_json":{"title":"Cr\u00edtica: Los destellos: Difuminado en el fondo &#8211; Filmtopia","description":"Esta adaptaci\u00f3n intimista captura el proceso de reconstrucci\u00f3n de los v\u00ednculos entre Isabel, su hija y Ram\u00f3n, ahora sumido en una enfermedad","robots":{"index":"index","follow":"follow","max-snippet":"max-snippet:-1","max-image-preview":"max-image-preview:large","max-video-preview":"max-video-preview:-1"},"canonical":"https:\/\/filmtopia.net\/es\/critica-los-destellos\/","og_locale":"es_ES","og_type":"article","og_title":"Cr\u00edtica: Los destellos: Difuminado en el fondo","og_description":"El tercer largometraje de Pilar Palomero compiti\u00f3 por la Concha de Oro durante la 72.\u00aaedici\u00f3n del Festival de San Sebasti\u00e1n. Esta adaptaci\u00f3n intimista de uno de los relatos de la antolog\u00eda Un coraz\u00f3n demasiado grande de Eider Rodr\u00edguez captura la pesadumbre del proceso de reconstrucci\u00f3n de los v\u00ednculos entre Isabel, su hija Madalen y Ram\u00f3n, ahora sumido en la enfermedad y dependiente del cuidado de las mujeres.","og_url":"https:\/\/filmtopia.net\/es\/critica-los-destellos\/","og_site_name":"Filmtopia","article_publisher":"https:\/\/www.facebook.com\/people\/Filmtopia\/","article_published_time":"2024-10-03T21:17:41+00:00","article_modified_time":"2025-01-10T01:39:21+00:00","og_image":[{"width":1792,"height":2560,"url":"https:\/\/filmtopia.net\/wp-content\/uploads\/2024\/10\/LOS_DESTELLOS_POSTER_VERTICAL_SSFFACTRIZ_AAFF_LOW-scaled.jpg","type":"image\/jpeg"}],"author":"aleix","twitter_card":"summary_large_image","twitter_title":"Cr\u00edtica: Los destellos: Difuminado en el fondo","twitter_description":"El tercer largometraje de Pilar Palomero compiti\u00f3 por la Concha de Oro durante la 72.\u00aaedici\u00f3n del Festival de San Sebasti\u00e1n. Esta adaptaci\u00f3n intimista de uno de los relatos de la antolog\u00eda Un coraz\u00f3n demasiado grande de Eider Rodr\u00edguez captura la pesadumbre del proceso de reconstrucci\u00f3n de los v\u00ednculos entre Isabel, su hija Madalen y Ram\u00f3n, ahora sumido en la enfermedad y dependiente del cuidado de las mujeres.","twitter_image":"https:\/\/filmtopia.net\/wp-content\/uploads\/2024\/10\/LOS_DESTELLOS_POSTER_VERTICAL_SSFFACTRIZ_AAFF_LOW-scaled.jpg","twitter_misc":{"Escrito por":"aleix","Tiempo de lectura":"7 minutos"},"schema":{"@context":"https:\/\/schema.org","@graph":[{"@type":"Article","@id":"https:\/\/filmtopia.net\/es\/critica-los-destellos\/#article","isPartOf":{"@id":"https:\/\/filmtopia.net\/es\/critica-los-destellos\/"},"author":{"name":"aleix","@id":"https:\/\/filmtopia.net\/es\/#\/schema\/person\/94399ec91c54729105f4c2ef406f5e5e"},"headline":"Los destellos: Difuminado en el fondo","datePublished":"2024-10-03T21:17:41+00:00","dateModified":"2025-01-10T01:39:21+00:00","mainEntityOfPage":{"@id":"https:\/\/filmtopia.net\/es\/critica-los-destellos\/"},"wordCount":8,"commentCount":0,"publisher":{"@id":"https:\/\/filmtopia.net\/es\/#organization"},"image":{"@id":"https:\/\/filmtopia.net\/es\/critica-los-destellos\/#primaryimage"},"thumbnailUrl":"https:\/\/filmtopia.net\/wp-content\/uploads\/2024\/10\/LOS_DESTELLOS_POSTER_VERTICAL_SSFFACTRIZ_AAFF_LOW-scaled.jpg","articleSection":["CR\u00cdTICA","DIRECTORAS","PEL\u00cdCULA","Pilar Palomero"],"inLanguage":"es","potentialAction":[{"@type":"CommentAction","name":"Comment","target":["https:\/\/filmtopia.net\/es\/critica-los-destellos\/#respond"]}]},{"@type":"WebPage","@id":"https:\/\/filmtopia.net\/es\/critica-los-destellos\/","url":"https:\/\/filmtopia.net\/es\/critica-los-destellos\/","name":"Cr\u00edtica: Los destellos: Difuminado en el fondo &#8211; Filmtopia","isPartOf":{"@id":"https:\/\/filmtopia.net\/es\/#website"},"primaryImageOfPage":{"@id":"https:\/\/filmtopia.net\/es\/critica-los-destellos\/#primaryimage"},"image":{"@id":"https:\/\/filmtopia.net\/es\/critica-los-destellos\/#primaryimage"},"thumbnailUrl":"https:\/\/filmtopia.net\/wp-content\/uploads\/2024\/10\/LOS_DESTELLOS_POSTER_VERTICAL_SSFFACTRIZ_AAFF_LOW-scaled.jpg","datePublished":"2024-10-03T21:17:41+00:00","dateModified":"2025-01-10T01:39:21+00:00","description":"Esta adaptaci\u00f3n intimista captura el proceso de reconstrucci\u00f3n de los v\u00ednculos entre Isabel, su hija y Ram\u00f3n, ahora sumido en una enfermedad","breadcrumb":{"@id":"https:\/\/filmtopia.net\/es\/critica-los-destellos\/#breadcrumb"},"inLanguage":"es","potentialAction":[{"@type":"ReadAction","target":["https:\/\/filmtopia.net\/es\/critica-los-destellos\/"]}]},{"@type":"ImageObject","inLanguage":"es","@id":"https:\/\/filmtopia.net\/es\/critica-los-destellos\/#primaryimage","url":"https:\/\/filmtopia.net\/wp-content\/uploads\/2024\/10\/LOS_DESTELLOS_POSTER_VERTICAL_SSFFACTRIZ_AAFF_LOW-scaled.jpg","contentUrl":"https:\/\/filmtopia.net\/wp-content\/uploads\/2024\/10\/LOS_DESTELLOS_POSTER_VERTICAL_SSFFACTRIZ_AAFF_LOW-scaled.jpg","width":1792,"height":2560},{"@type":"BreadcrumbList","@id":"https:\/\/filmtopia.net\/es\/critica-los-destellos\/#breadcrumb","itemListElement":[{"@type":"ListItem","position":1,"name":"Inici","item":"https:\/\/filmtopia.net\/es\/home\/"},{"@type":"ListItem","position":2,"name":"Cr\u00edtica: Los destellos: Difuminado en el fondo"}]},{"@type":"WebSite","@id":"https:\/\/filmtopia.net\/es\/#website","url":"https:\/\/filmtopia.net\/es\/","name":"Filmtopia","description":"La primera web especialitzada en cinema fet per dones","publisher":{"@id":"https:\/\/filmtopia.net\/es\/#organization"},"potentialAction":[{"@type":"SearchAction","target":{"@type":"EntryPoint","urlTemplate":"https:\/\/filmtopia.net\/es\/?s={search_term_string}"},"query-input":{"@type":"PropertyValueSpecification","valueRequired":true,"valueName":"search_term_string"}}],"inLanguage":"es"},{"@type":"Organization","@id":"https:\/\/filmtopia.net\/es\/#organization","name":"Filmtopia","url":"https:\/\/filmtopia.net\/es\/","logo":{"@type":"ImageObject","inLanguage":"es","@id":"https:\/\/filmtopia.net\/es\/#\/schema\/logo\/image\/","url":"https:\/\/filmtopia.net\/wp-content\/uploads\/2024\/02\/cropped-Group-813.png","contentUrl":"https:\/\/filmtopia.net\/wp-content\/uploads\/2024\/02\/cropped-Group-813.png","width":512,"height":512,"caption":"Filmtopia"},"image":{"@id":"https:\/\/filmtopia.net\/es\/#\/schema\/logo\/image\/"},"sameAs":["https:\/\/www.facebook.com\/people\/Filmtopia\/","https:\/\/www.instagram.com\/filmtopia_net\/"]},{"@type":"Person","@id":"https:\/\/filmtopia.net\/es\/#\/schema\/person\/94399ec91c54729105f4c2ef406f5e5e","name":"aleix","image":{"@type":"ImageObject","inLanguage":"es","@id":"https:\/\/secure.gravatar.com\/avatar\/fc23f76ada3c47b3c6b7e70d3e663c6f80d2966815e2566de077c9b383898212?s=96&d=mm&r=g","url":"https:\/\/secure.gravatar.com\/avatar\/fc23f76ada3c47b3c6b7e70d3e663c6f80d2966815e2566de077c9b383898212?s=96&d=mm&r=g","contentUrl":"https:\/\/secure.gravatar.com\/avatar\/fc23f76ada3c47b3c6b7e70d3e663c6f80d2966815e2566de077c9b383898212?s=96&d=mm&r=g","caption":"aleix"},"url":"https:\/\/filmtopia.net\/es\/author\/aleix\/"}]}},"views":4,"_links":{"self":[{"href":"https:\/\/filmtopia.net\/es\/wp-json\/wp\/v2\/posts\/11614","targetHints":{"allow":["GET"]}}],"collection":[{"href":"https:\/\/filmtopia.net\/es\/wp-json\/wp\/v2\/posts"}],"about":[{"href":"https:\/\/filmtopia.net\/es\/wp-json\/wp\/v2\/types\/post"}],"author":[{"embeddable":true,"href":"https:\/\/filmtopia.net\/es\/wp-json\/wp\/v2\/users\/6"}],"replies":[{"embeddable":true,"href":"https:\/\/filmtopia.net\/es\/wp-json\/wp\/v2\/comments?post=11614"}],"version-history":[{"count":5,"href":"https:\/\/filmtopia.net\/es\/wp-json\/wp\/v2\/posts\/11614\/revisions"}],"predecessor-version":[{"id":11688,"href":"https:\/\/filmtopia.net\/es\/wp-json\/wp\/v2\/posts\/11614\/revisions\/11688"}],"wp:featuredmedia":[{"embeddable":true,"href":"https:\/\/filmtopia.net\/es\/wp-json\/wp\/v2\/media\/11610"}],"wp:attachment":[{"href":"https:\/\/filmtopia.net\/es\/wp-json\/wp\/v2\/media?parent=11614"}],"wp:term":[{"taxonomy":"category","embeddable":true,"href":"https:\/\/filmtopia.net\/es\/wp-json\/wp\/v2\/categories?post=11614"},{"taxonomy":"autor","embeddable":true,"href":"https:\/\/filmtopia.net\/es\/wp-json\/wp\/v2\/autor?post=11614"},{"taxonomy":"credit","embeddable":true,"href":"https:\/\/filmtopia.net\/es\/wp-json\/wp\/v2\/credit?post=11614"},{"taxonomy":"festivals","embeddable":true,"href":"https:\/\/filmtopia.net\/es\/wp-json\/wp\/v2\/festivals?post=11614"},{"taxonomy":"film-year","embeddable":true,"href":"https:\/\/filmtopia.net\/es\/wp-json\/wp\/v2\/film-year?post=11614"},{"taxonomy":"seccions","embeddable":true,"href":"https:\/\/filmtopia.net\/es\/wp-json\/wp\/v2\/seccions?post=11614"},{"taxonomy":"temps","embeddable":true,"href":"https:\/\/filmtopia.net\/es\/wp-json\/wp\/v2\/temps?post=11614"},{"taxonomy":"top","embeddable":true,"href":"https:\/\/filmtopia.net\/es\/wp-json\/wp\/v2\/top?post=11614"}],"curies":[{"name":"wp","href":"https:\/\/api.w.org\/{rel}","templated":true}]}}