{"id":12407,"date":"2024-10-31T18:02:45","date_gmt":"2024-10-31T18:02:45","guid":{"rendered":"https:\/\/filmtopia.net\/?p=12407"},"modified":"2024-11-11T10:16:39","modified_gmt":"2024-11-11T10:16:39","slug":"entrevista-mar-coll","status":"publish","type":"post","link":"https:\/\/filmtopia.net\/es\/entrevista-mar-coll\/","title":{"rendered":"Retrato de una maternidad disidente"},"content":{"rendered":"","protected":false},"excerpt":{"rendered":"","protected":false},"author":6,"featured_media":12416,"comment_status":"open","ping_status":"open","sticky":false,"template":"","format":"standard","meta":{"_acf_changed":false,"_relevanssi_hide_post":"","_relevanssi_hide_content":"","_relevanssi_pin_for_all":"","_relevanssi_pin_keywords":"","_relevanssi_unpin_keywords":"","_relevanssi_related_keywords":"","_relevanssi_related_include_ids":"","_relevanssi_related_exclude_ids":"","_relevanssi_related_no_append":"","_relevanssi_related_not_related":"","_relevanssi_related_posts":"","_relevanssi_noindex_reason":"","footnotes":""},"categories":[170,238,215,179],"autor":[468],"credit":[1145],"festivals":[],"film-year":[],"seccions":[92],"temps":[89],"top":[],"class_list":["post-12407","post","type-post","status-publish","format-standard","has-post-thumbnail","hentry","category-directoras","category-entrevista-es","category-mar-coll-es","category-pelicula","autor-maria-adell-carmona-es","credit-mar-coll-2","seccions-entrevistas","temps-presente"],"acf":[],"yoast_head":"<!-- This site is optimized with the Yoast SEO plugin v27.4 - https:\/\/yoast.com\/product\/yoast-seo-wordpress\/ -->\n<title>Mar Coll: Retrato de una maternidad disidente &#8211; Filmtopia<\/title>\n<meta name=\"description\" content=\"Se estrena Salve Maria pocos d\u00edas despu\u00e9s de participar en la Secci\u00f3n Oficial de la SEMINCI donde se llev\u00f3 el premio a la mejor actriz\" \/>\n<meta name=\"robots\" content=\"index, follow, max-snippet:-1, max-image-preview:large, max-video-preview:-1\" \/>\n<link rel=\"canonical\" href=\"https:\/\/filmtopia.net\/es\/entrevista-mar-coll\/\" \/>\n<meta property=\"og:locale\" content=\"es_ES\" \/>\n<meta property=\"og:type\" content=\"article\" \/>\n<meta property=\"og:title\" content=\"Mar Coll: Retrato de una maternidad disidente\" \/>\n<meta property=\"og:description\" content=\"Despu\u00e9s de su estreno internacional en la Secci\u00f3n Concorso Internazionale del Festival de cine de Locarno, donde la pel\u00edcula fue reconocida con una menci\u00f3n especial del jurado oficial y el premio del jurado joven, se estrena Salve Maria pocos d\u00edas despu\u00e9s de participar en la Secci\u00f3n Oficial de la Semana Internacional de cine de Valladolid (SEMINCI), donde se llev\u00f3 el premio a la mejor actriz para Laura Weissmahr.\" \/>\n<meta property=\"og:url\" content=\"https:\/\/filmtopia.net\/es\/entrevista-mar-coll\/\" \/>\n<meta property=\"og:site_name\" content=\"Filmtopia\" \/>\n<meta property=\"article:publisher\" content=\"https:\/\/www.facebook.com\/people\/Filmtopia\/\" \/>\n<meta property=\"article:published_time\" content=\"2024-10-31T18:02:45+00:00\" \/>\n<meta property=\"article:modified_time\" content=\"2024-11-11T10:16:39+00:00\" \/>\n<meta property=\"og:image\" content=\"https:\/\/filmtopia.net\/wp-content\/uploads\/2024\/10\/Mar-Coll-Degradat-taronka-WEB-apaisat.png\" \/>\n\t<meta property=\"og:image:width\" content=\"1327\" \/>\n\t<meta property=\"og:image:height\" content=\"799\" \/>\n\t<meta property=\"og:image:type\" content=\"image\/png\" \/>\n<meta name=\"author\" content=\"aleix\" \/>\n<meta name=\"twitter:card\" content=\"summary_large_image\" \/>\n<meta name=\"twitter:title\" content=\"Mar Coll: Retrato de una maternidad disidente\" \/>\n<meta name=\"twitter:description\" content=\"Despu\u00e9s de su estreno internacional en la Secci\u00f3n Concorso Internazionale del Festival de cine de Locarno, donde la pel\u00edcula fue reconocida con una menci\u00f3n especial del jurado oficial y el premio del jurado joven, se estrena Salve Maria pocos d\u00edas despu\u00e9s de participar en la Secci\u00f3n Oficial de la Semana Internacional de cine de Valladolid (SEMINCI), donde se llev\u00f3 el premio a la mejor actriz para Laura Weissmahr.\" \/>\n<meta name=\"twitter:image\" content=\"https:\/\/filmtopia.net\/wp-content\/uploads\/2024\/10\/Mar-Coll-Degradat-taronka-WEB-apaisat.png\" \/>\n<meta name=\"twitter:label1\" content=\"Escrito por\" \/>\n\t<meta name=\"twitter:data1\" content=\"aleix\" \/>\n\t<meta name=\"twitter:label2\" content=\"Tiempo de lectura\" \/>\n\t<meta name=\"twitter:data2\" content=\"2 minutos\" \/>\n<script type=\"application\/ld+json\" class=\"yoast-schema-graph\">{\"@context\":\"https:\\\/\\\/schema.org\",\"@graph\":[{\"@type\":\"Article\",\"@id\":\"https:\\\/\\\/filmtopia.net\\\/es\\\/entrevista-mar-coll\\\/#article\",\"isPartOf\":{\"@id\":\"https:\\\/\\\/filmtopia.net\\\/es\\\/entrevista-mar-coll\\\/\"},\"author\":{\"name\":\"aleix\",\"@id\":\"https:\\\/\\\/filmtopia.net\\\/es\\\/#\\\/schema\\\/person\\\/94399ec91c54729105f4c2ef406f5e5e\"},\"headline\":\"Retrato de una maternidad disidente\",\"datePublished\":\"2024-10-31T18:02:45+00:00\",\"dateModified\":\"2024-11-11T10:16:39+00:00\",\"mainEntityOfPage\":{\"@id\":\"https:\\\/\\\/filmtopia.net\\\/es\\\/entrevista-mar-coll\\\/\"},\"wordCount\":7,\"commentCount\":0,\"publisher\":{\"@id\":\"https:\\\/\\\/filmtopia.net\\\/es\\\/#organization\"},\"image\":{\"@id\":\"https:\\\/\\\/filmtopia.net\\\/es\\\/entrevista-mar-coll\\\/#primaryimage\"},\"thumbnailUrl\":\"https:\\\/\\\/filmtopia.net\\\/wp-content\\\/uploads\\\/2024\\\/10\\\/SM_pol_rebaque_BTS2-web.jpg\",\"articleSection\":[\"DIRECTORAS\",\"ENTREVISTA\",\"Mar Coll\",\"PEL\u00cdCULA\"],\"inLanguage\":\"es\",\"potentialAction\":[{\"@type\":\"CommentAction\",\"name\":\"Comment\",\"target\":[\"https:\\\/\\\/filmtopia.net\\\/es\\\/entrevista-mar-coll\\\/#respond\"]}]},{\"@type\":\"WebPage\",\"@id\":\"https:\\\/\\\/filmtopia.net\\\/es\\\/entrevista-mar-coll\\\/\",\"url\":\"https:\\\/\\\/filmtopia.net\\\/es\\\/entrevista-mar-coll\\\/\",\"name\":\"Mar Coll: Retrato de una maternidad disidente &#8211; Filmtopia\",\"isPartOf\":{\"@id\":\"https:\\\/\\\/filmtopia.net\\\/es\\\/#website\"},\"primaryImageOfPage\":{\"@id\":\"https:\\\/\\\/filmtopia.net\\\/es\\\/entrevista-mar-coll\\\/#primaryimage\"},\"image\":{\"@id\":\"https:\\\/\\\/filmtopia.net\\\/es\\\/entrevista-mar-coll\\\/#primaryimage\"},\"thumbnailUrl\":\"https:\\\/\\\/filmtopia.net\\\/wp-content\\\/uploads\\\/2024\\\/10\\\/SM_pol_rebaque_BTS2-web.jpg\",\"datePublished\":\"2024-10-31T18:02:45+00:00\",\"dateModified\":\"2024-11-11T10:16:39+00:00\",\"description\":\"Se estrena Salve Maria pocos d\u00edas despu\u00e9s de participar en la Secci\u00f3n Oficial de la SEMINCI donde se llev\u00f3 el premio a la mejor actriz\",\"breadcrumb\":{\"@id\":\"https:\\\/\\\/filmtopia.net\\\/es\\\/entrevista-mar-coll\\\/#breadcrumb\"},\"inLanguage\":\"es\",\"potentialAction\":[{\"@type\":\"ReadAction\",\"target\":[\"https:\\\/\\\/filmtopia.net\\\/es\\\/entrevista-mar-coll\\\/\"]}]},{\"@type\":\"ImageObject\",\"inLanguage\":\"es\",\"@id\":\"https:\\\/\\\/filmtopia.net\\\/es\\\/entrevista-mar-coll\\\/#primaryimage\",\"url\":\"https:\\\/\\\/filmtopia.net\\\/wp-content\\\/uploads\\\/2024\\\/10\\\/SM_pol_rebaque_BTS2-web.jpg\",\"contentUrl\":\"https:\\\/\\\/filmtopia.net\\\/wp-content\\\/uploads\\\/2024\\\/10\\\/SM_pol_rebaque_BTS2-web.jpg\",\"width\":2500,\"height\":1666},{\"@type\":\"BreadcrumbList\",\"@id\":\"https:\\\/\\\/filmtopia.net\\\/es\\\/entrevista-mar-coll\\\/#breadcrumb\",\"itemListElement\":[{\"@type\":\"ListItem\",\"position\":1,\"name\":\"Inici\",\"item\":\"https:\\\/\\\/filmtopia.net\\\/es\\\/home\\\/\"},{\"@type\":\"ListItem\",\"position\":2,\"name\":\"Mar Coll: Retrato de una maternidad disidente\"}]},{\"@type\":\"WebSite\",\"@id\":\"https:\\\/\\\/filmtopia.net\\\/es\\\/#website\",\"url\":\"https:\\\/\\\/filmtopia.net\\\/es\\\/\",\"name\":\"Filmtopia\",\"description\":\"La primera web especialitzada en cinema fet per dones\",\"publisher\":{\"@id\":\"https:\\\/\\\/filmtopia.net\\\/es\\\/#organization\"},\"potentialAction\":[{\"@type\":\"SearchAction\",\"target\":{\"@type\":\"EntryPoint\",\"urlTemplate\":\"https:\\\/\\\/filmtopia.net\\\/es\\\/?s={search_term_string}\"},\"query-input\":{\"@type\":\"PropertyValueSpecification\",\"valueRequired\":true,\"valueName\":\"search_term_string\"}}],\"inLanguage\":\"es\"},{\"@type\":\"Organization\",\"@id\":\"https:\\\/\\\/filmtopia.net\\\/es\\\/#organization\",\"name\":\"Filmtopia\",\"url\":\"https:\\\/\\\/filmtopia.net\\\/es\\\/\",\"logo\":{\"@type\":\"ImageObject\",\"inLanguage\":\"es\",\"@id\":\"https:\\\/\\\/filmtopia.net\\\/es\\\/#\\\/schema\\\/logo\\\/image\\\/\",\"url\":\"https:\\\/\\\/filmtopia.net\\\/wp-content\\\/uploads\\\/2024\\\/02\\\/cropped-Group-813.png\",\"contentUrl\":\"https:\\\/\\\/filmtopia.net\\\/wp-content\\\/uploads\\\/2024\\\/02\\\/cropped-Group-813.png\",\"width\":512,\"height\":512,\"caption\":\"Filmtopia\"},\"image\":{\"@id\":\"https:\\\/\\\/filmtopia.net\\\/es\\\/#\\\/schema\\\/logo\\\/image\\\/\"},\"sameAs\":[\"https:\\\/\\\/www.facebook.com\\\/people\\\/Filmtopia\\\/\",\"https:\\\/\\\/www.instagram.com\\\/filmtopia_net\\\/\"]},{\"@type\":\"Person\",\"@id\":\"https:\\\/\\\/filmtopia.net\\\/es\\\/#\\\/schema\\\/person\\\/94399ec91c54729105f4c2ef406f5e5e\",\"name\":\"aleix\",\"image\":{\"@type\":\"ImageObject\",\"inLanguage\":\"es\",\"@id\":\"https:\\\/\\\/secure.gravatar.com\\\/avatar\\\/fc23f76ada3c47b3c6b7e70d3e663c6f80d2966815e2566de077c9b383898212?s=96&d=mm&r=g\",\"url\":\"https:\\\/\\\/secure.gravatar.com\\\/avatar\\\/fc23f76ada3c47b3c6b7e70d3e663c6f80d2966815e2566de077c9b383898212?s=96&d=mm&r=g\",\"contentUrl\":\"https:\\\/\\\/secure.gravatar.com\\\/avatar\\\/fc23f76ada3c47b3c6b7e70d3e663c6f80d2966815e2566de077c9b383898212?s=96&d=mm&r=g\",\"caption\":\"aleix\"},\"url\":\"https:\\\/\\\/filmtopia.net\\\/es\\\/author\\\/aleix\\\/\"}]}<\/script>\n<!-- \/ Yoast SEO plugin. -->","yoast_head_json":{"title":"Mar Coll: Retrato de una maternidad disidente &#8211; Filmtopia","description":"Se estrena Salve Maria pocos d\u00edas despu\u00e9s de participar en la Secci\u00f3n Oficial de la SEMINCI donde se llev\u00f3 el premio a la mejor actriz","robots":{"index":"index","follow":"follow","max-snippet":"max-snippet:-1","max-image-preview":"max-image-preview:large","max-video-preview":"max-video-preview:-1"},"canonical":"https:\/\/filmtopia.net\/es\/entrevista-mar-coll\/","og_locale":"es_ES","og_type":"article","og_title":"Mar Coll: Retrato de una maternidad disidente","og_description":"Despu\u00e9s de su estreno internacional en la Secci\u00f3n Concorso Internazionale del Festival de cine de Locarno, donde la pel\u00edcula fue reconocida con una menci\u00f3n especial del jurado oficial y el premio del jurado joven, se estrena Salve Maria pocos d\u00edas despu\u00e9s de participar en la Secci\u00f3n Oficial de la Semana Internacional de cine de Valladolid (SEMINCI), donde se llev\u00f3 el premio a la mejor actriz para Laura Weissmahr.","og_url":"https:\/\/filmtopia.net\/es\/entrevista-mar-coll\/","og_site_name":"Filmtopia","article_publisher":"https:\/\/www.facebook.com\/people\/Filmtopia\/","article_published_time":"2024-10-31T18:02:45+00:00","article_modified_time":"2024-11-11T10:16:39+00:00","og_image":[{"width":1327,"height":799,"url":"https:\/\/filmtopia.net\/wp-content\/uploads\/2024\/10\/Mar-Coll-Degradat-taronka-WEB-apaisat.png","type":"image\/png"}],"author":"aleix","twitter_card":"summary_large_image","twitter_title":"Mar Coll: Retrato de una maternidad disidente","twitter_description":"Despu\u00e9s de su estreno internacional en la Secci\u00f3n Concorso Internazionale del Festival de cine de Locarno, donde la pel\u00edcula fue reconocida con una menci\u00f3n especial del jurado oficial y el premio del jurado joven, se estrena Salve Maria pocos d\u00edas despu\u00e9s de participar en la Secci\u00f3n Oficial de la Semana Internacional de cine de Valladolid (SEMINCI), donde se llev\u00f3 el premio a la mejor actriz para Laura Weissmahr.","twitter_image":"https:\/\/filmtopia.net\/wp-content\/uploads\/2024\/10\/Mar-Coll-Degradat-taronka-WEB-apaisat.png","twitter_misc":{"Escrito por":"aleix","Tiempo de lectura":"2 minutos"},"schema":{"@context":"https:\/\/schema.org","@graph":[{"@type":"Article","@id":"https:\/\/filmtopia.net\/es\/entrevista-mar-coll\/#article","isPartOf":{"@id":"https:\/\/filmtopia.net\/es\/entrevista-mar-coll\/"},"author":{"name":"aleix","@id":"https:\/\/filmtopia.net\/es\/#\/schema\/person\/94399ec91c54729105f4c2ef406f5e5e"},"headline":"Retrato de una maternidad disidente","datePublished":"2024-10-31T18:02:45+00:00","dateModified":"2024-11-11T10:16:39+00:00","mainEntityOfPage":{"@id":"https:\/\/filmtopia.net\/es\/entrevista-mar-coll\/"},"wordCount":7,"commentCount":0,"publisher":{"@id":"https:\/\/filmtopia.net\/es\/#organization"},"image":{"@id":"https:\/\/filmtopia.net\/es\/entrevista-mar-coll\/#primaryimage"},"thumbnailUrl":"https:\/\/filmtopia.net\/wp-content\/uploads\/2024\/10\/SM_pol_rebaque_BTS2-web.jpg","articleSection":["DIRECTORAS","ENTREVISTA","Mar Coll","PEL\u00cdCULA"],"inLanguage":"es","potentialAction":[{"@type":"CommentAction","name":"Comment","target":["https:\/\/filmtopia.net\/es\/entrevista-mar-coll\/#respond"]}]},{"@type":"WebPage","@id":"https:\/\/filmtopia.net\/es\/entrevista-mar-coll\/","url":"https:\/\/filmtopia.net\/es\/entrevista-mar-coll\/","name":"Mar Coll: Retrato de una maternidad disidente &#8211; Filmtopia","isPartOf":{"@id":"https:\/\/filmtopia.net\/es\/#website"},"primaryImageOfPage":{"@id":"https:\/\/filmtopia.net\/es\/entrevista-mar-coll\/#primaryimage"},"image":{"@id":"https:\/\/filmtopia.net\/es\/entrevista-mar-coll\/#primaryimage"},"thumbnailUrl":"https:\/\/filmtopia.net\/wp-content\/uploads\/2024\/10\/SM_pol_rebaque_BTS2-web.jpg","datePublished":"2024-10-31T18:02:45+00:00","dateModified":"2024-11-11T10:16:39+00:00","description":"Se estrena Salve Maria pocos d\u00edas despu\u00e9s de participar en la Secci\u00f3n Oficial de la SEMINCI donde se llev\u00f3 el premio a la mejor actriz","breadcrumb":{"@id":"https:\/\/filmtopia.net\/es\/entrevista-mar-coll\/#breadcrumb"},"inLanguage":"es","potentialAction":[{"@type":"ReadAction","target":["https:\/\/filmtopia.net\/es\/entrevista-mar-coll\/"]}]},{"@type":"ImageObject","inLanguage":"es","@id":"https:\/\/filmtopia.net\/es\/entrevista-mar-coll\/#primaryimage","url":"https:\/\/filmtopia.net\/wp-content\/uploads\/2024\/10\/SM_pol_rebaque_BTS2-web.jpg","contentUrl":"https:\/\/filmtopia.net\/wp-content\/uploads\/2024\/10\/SM_pol_rebaque_BTS2-web.jpg","width":2500,"height":1666},{"@type":"BreadcrumbList","@id":"https:\/\/filmtopia.net\/es\/entrevista-mar-coll\/#breadcrumb","itemListElement":[{"@type":"ListItem","position":1,"name":"Inici","item":"https:\/\/filmtopia.net\/es\/home\/"},{"@type":"ListItem","position":2,"name":"Mar Coll: Retrato de una maternidad disidente"}]},{"@type":"WebSite","@id":"https:\/\/filmtopia.net\/es\/#website","url":"https:\/\/filmtopia.net\/es\/","name":"Filmtopia","description":"La primera web especialitzada en cinema fet per dones","publisher":{"@id":"https:\/\/filmtopia.net\/es\/#organization"},"potentialAction":[{"@type":"SearchAction","target":{"@type":"EntryPoint","urlTemplate":"https:\/\/filmtopia.net\/es\/?s={search_term_string}"},"query-input":{"@type":"PropertyValueSpecification","valueRequired":true,"valueName":"search_term_string"}}],"inLanguage":"es"},{"@type":"Organization","@id":"https:\/\/filmtopia.net\/es\/#organization","name":"Filmtopia","url":"https:\/\/filmtopia.net\/es\/","logo":{"@type":"ImageObject","inLanguage":"es","@id":"https:\/\/filmtopia.net\/es\/#\/schema\/logo\/image\/","url":"https:\/\/filmtopia.net\/wp-content\/uploads\/2024\/02\/cropped-Group-813.png","contentUrl":"https:\/\/filmtopia.net\/wp-content\/uploads\/2024\/02\/cropped-Group-813.png","width":512,"height":512,"caption":"Filmtopia"},"image":{"@id":"https:\/\/filmtopia.net\/es\/#\/schema\/logo\/image\/"},"sameAs":["https:\/\/www.facebook.com\/people\/Filmtopia\/","https:\/\/www.instagram.com\/filmtopia_net\/"]},{"@type":"Person","@id":"https:\/\/filmtopia.net\/es\/#\/schema\/person\/94399ec91c54729105f4c2ef406f5e5e","name":"aleix","image":{"@type":"ImageObject","inLanguage":"es","@id":"https:\/\/secure.gravatar.com\/avatar\/fc23f76ada3c47b3c6b7e70d3e663c6f80d2966815e2566de077c9b383898212?s=96&d=mm&r=g","url":"https:\/\/secure.gravatar.com\/avatar\/fc23f76ada3c47b3c6b7e70d3e663c6f80d2966815e2566de077c9b383898212?s=96&d=mm&r=g","contentUrl":"https:\/\/secure.gravatar.com\/avatar\/fc23f76ada3c47b3c6b7e70d3e663c6f80d2966815e2566de077c9b383898212?s=96&d=mm&r=g","caption":"aleix"},"url":"https:\/\/filmtopia.net\/es\/author\/aleix\/"}]}},"views":3,"_links":{"self":[{"href":"https:\/\/filmtopia.net\/es\/wp-json\/wp\/v2\/posts\/12407","targetHints":{"allow":["GET"]}}],"collection":[{"href":"https:\/\/filmtopia.net\/es\/wp-json\/wp\/v2\/posts"}],"about":[{"href":"https:\/\/filmtopia.net\/es\/wp-json\/wp\/v2\/types\/post"}],"author":[{"embeddable":true,"href":"https:\/\/filmtopia.net\/es\/wp-json\/wp\/v2\/users\/6"}],"replies":[{"embeddable":true,"href":"https:\/\/filmtopia.net\/es\/wp-json\/wp\/v2\/comments?post=12407"}],"version-history":[{"count":3,"href":"https:\/\/filmtopia.net\/es\/wp-json\/wp\/v2\/posts\/12407\/revisions"}],"predecessor-version":[{"id":12556,"href":"https:\/\/filmtopia.net\/es\/wp-json\/wp\/v2\/posts\/12407\/revisions\/12556"}],"wp:featuredmedia":[{"embeddable":true,"href":"https:\/\/filmtopia.net\/es\/wp-json\/wp\/v2\/media\/12416"}],"wp:attachment":[{"href":"https:\/\/filmtopia.net\/es\/wp-json\/wp\/v2\/media?parent=12407"}],"wp:term":[{"taxonomy":"category","embeddable":true,"href":"https:\/\/filmtopia.net\/es\/wp-json\/wp\/v2\/categories?post=12407"},{"taxonomy":"autor","embeddable":true,"href":"https:\/\/filmtopia.net\/es\/wp-json\/wp\/v2\/autor?post=12407"},{"taxonomy":"credit","embeddable":true,"href":"https:\/\/filmtopia.net\/es\/wp-json\/wp\/v2\/credit?post=12407"},{"taxonomy":"festivals","embeddable":true,"href":"https:\/\/filmtopia.net\/es\/wp-json\/wp\/v2\/festivals?post=12407"},{"taxonomy":"film-year","embeddable":true,"href":"https:\/\/filmtopia.net\/es\/wp-json\/wp\/v2\/film-year?post=12407"},{"taxonomy":"seccions","embeddable":true,"href":"https:\/\/filmtopia.net\/es\/wp-json\/wp\/v2\/seccions?post=12407"},{"taxonomy":"temps","embeddable":true,"href":"https:\/\/filmtopia.net\/es\/wp-json\/wp\/v2\/temps?post=12407"},{"taxonomy":"top","embeddable":true,"href":"https:\/\/filmtopia.net\/es\/wp-json\/wp\/v2\/top?post=12407"}],"curies":[{"name":"wp","href":"https:\/\/api.w.org\/{rel}","templated":true}]}}