{"id":13280,"date":"2024-12-12T18:47:33","date_gmt":"2024-12-12T18:47:33","guid":{"rendered":"https:\/\/filmtopia.net\/?p=13280"},"modified":"2024-12-12T18:47:33","modified_gmt":"2024-12-12T18:47:33","slug":"entrevista-marianela-maldonado","status":"publish","type":"post","link":"https:\/\/filmtopia.net\/es\/entrevista-marianela-maldonado\/","title":{"rendered":"La crisis de Venezuela me convirti\u00f3 en documentalista"},"content":{"rendered":"","protected":false},"excerpt":{"rendered":"","protected":false},"author":6,"featured_media":13276,"comment_status":"open","ping_status":"open","sticky":false,"template":"","format":"standard","meta":{"_acf_changed":false,"_relevanssi_hide_post":"","_relevanssi_hide_content":"","_relevanssi_pin_for_all":"","_relevanssi_pin_keywords":"","_relevanssi_unpin_keywords":"","_relevanssi_related_keywords":"","_relevanssi_related_include_ids":"","_relevanssi_related_exclude_ids":"","_relevanssi_related_no_append":"","_relevanssi_related_not_related":"","_relevanssi_related_posts":"","_relevanssi_noindex_reason":"","footnotes":""},"categories":[170,962,238,1418],"autor":[466],"credit":[1419],"festivals":[],"film-year":[],"seccions":[92],"temps":[89],"top":[],"class_list":["post-13280","post","type-post","status-publish","format-standard","has-post-thumbnail","hentry","category-directoras","category-documental-2","category-entrevista-es","category-marianela-maldonado","autor-nuria-vidal-es","credit-marianela-maldonado-3","seccions-entrevistas","temps-presente"],"acf":[],"yoast_head":"<!-- This site is optimized with the Yoast SEO plugin v27.5 - https:\/\/yoast.com\/product\/yoast-seo-wordpress\/ -->\n<title>Marianela Maldonado: La crisis de Venezuela me convirti\u00f3 en documentalista &#8211; Filmtopia<\/title>\n<meta name=\"description\" content=\"El film sigue a dos ni\u00f1os y una ni\u00f1a donde luchan por alcanzar su sue\u00f1o de poder dedicarse profesionalmente a la m\u00fasica.\" \/>\n<meta name=\"robots\" content=\"index, follow, max-snippet:-1, max-image-preview:large, max-video-preview:-1\" \/>\n<link rel=\"canonical\" href=\"https:\/\/filmtopia.net\/es\/entrevista-marianela-maldonado\/\" \/>\n<meta property=\"og:locale\" content=\"es_ES\" \/>\n<meta property=\"og:type\" content=\"article\" \/>\n<meta property=\"og:title\" content=\"Marianela Maldonado: La crisis de Venezuela me convirti\u00f3 en documentalista\" \/>\n<meta property=\"og:description\" content=\"Hay muchas maneras de retratar la realidad de una sociedad en crisis. La que ha escogido la directora venezolana en el que es su primer documental despu\u00e9s de una carrera como guionista, es la de contar la Historia a trav\u00e9s de las historias. A lo largo de diez a\u00f1os, el film sigue a dos ni\u00f1os y una ni\u00f1a del barrio de Las Brisas, en Valencia, la tercera ciudad de Venezuela, donde luchan por alcanzar su sue\u00f1o de poder dedicarse profesionalmente a la m\u00fasica. Un sue\u00f1o que es reflejo involuntario del sue\u00f1o y la pesadilla de un pa\u00eds entero.\" \/>\n<meta property=\"og:url\" content=\"https:\/\/filmtopia.net\/es\/entrevista-marianela-maldonado\/\" \/>\n<meta property=\"og:site_name\" content=\"Filmtopia\" \/>\n<meta property=\"article:publisher\" content=\"https:\/\/www.facebook.com\/people\/Filmtopia\/\" \/>\n<meta property=\"article:published_time\" content=\"2024-12-12T18:47:33+00:00\" \/>\n<meta property=\"og:image\" content=\"https:\/\/filmtopia.net\/wp-content\/uploads\/2024\/12\/Maldonado-Entrevista-horitzontal.jpg\" \/>\n\t<meta property=\"og:image:width\" content=\"1327\" \/>\n\t<meta property=\"og:image:height\" content=\"799\" \/>\n\t<meta property=\"og:image:type\" content=\"image\/jpeg\" \/>\n<meta name=\"author\" content=\"aleix\" \/>\n<meta name=\"twitter:card\" content=\"summary_large_image\" \/>\n<meta name=\"twitter:title\" content=\"Marianela Maldonado: La crisis de Venezuela me convirti\u00f3 en documentalista\" \/>\n<meta name=\"twitter:description\" content=\"Hay muchas maneras de retratar la realidad de una sociedad en crisis. La que ha escogido la directora venezolana en el que es su primer documental despu\u00e9s de una carrera como guionista, es la de contar la Historia a trav\u00e9s de las historias. A lo largo de diez a\u00f1os, el film sigue a dos ni\u00f1os y una ni\u00f1a del barrio de Las Brisas, en Valencia, la tercera ciudad de Venezuela, donde luchan por alcanzar su sue\u00f1o de poder dedicarse profesionalmente a la m\u00fasica. Un sue\u00f1o que es reflejo involuntario del sue\u00f1o y la pesadilla de un pa\u00eds entero.\" \/>\n<meta name=\"twitter:image\" content=\"https:\/\/filmtopia.net\/wp-content\/uploads\/2024\/12\/Maldonado-Entrevista-horitzontal.jpg\" \/>\n<meta name=\"twitter:label1\" content=\"Escrito por\" \/>\n\t<meta name=\"twitter:data1\" content=\"aleix\" \/>\n\t<meta name=\"twitter:label2\" content=\"Tiempo de lectura\" \/>\n\t<meta name=\"twitter:data2\" content=\"4 minutos\" \/>\n<script type=\"application\/ld+json\" class=\"yoast-schema-graph\">{\"@context\":\"https:\\\/\\\/schema.org\",\"@graph\":[{\"@type\":\"Article\",\"@id\":\"https:\\\/\\\/filmtopia.net\\\/es\\\/entrevista-marianela-maldonado\\\/#article\",\"isPartOf\":{\"@id\":\"https:\\\/\\\/filmtopia.net\\\/es\\\/entrevista-marianela-maldonado\\\/\"},\"author\":{\"name\":\"aleix\",\"@id\":\"https:\\\/\\\/filmtopia.net\\\/es\\\/#\\\/schema\\\/person\\\/94399ec91c54729105f4c2ef406f5e5e\"},\"headline\":\"La crisis de Venezuela me convirti\u00f3 en documentalista\",\"datePublished\":\"2024-12-12T18:47:33+00:00\",\"mainEntityOfPage\":{\"@id\":\"https:\\\/\\\/filmtopia.net\\\/es\\\/entrevista-marianela-maldonado\\\/\"},\"wordCount\":10,\"commentCount\":0,\"publisher\":{\"@id\":\"https:\\\/\\\/filmtopia.net\\\/es\\\/#organization\"},\"image\":{\"@id\":\"https:\\\/\\\/filmtopia.net\\\/es\\\/entrevista-marianela-maldonado\\\/#primaryimage\"},\"thumbnailUrl\":\"https:\\\/\\\/filmtopia.net\\\/wp-content\\\/uploads\\\/2024\\\/12\\\/Foto-Marianela-Maldonado-Portada-web-scaled.jpeg\",\"articleSection\":[\"DIRECTORAS\",\"DOCUMENTAL\",\"ENTREVISTA\",\"Marianela Maldonado\"],\"inLanguage\":\"es\",\"potentialAction\":[{\"@type\":\"CommentAction\",\"name\":\"Comment\",\"target\":[\"https:\\\/\\\/filmtopia.net\\\/es\\\/entrevista-marianela-maldonado\\\/#respond\"]}]},{\"@type\":\"WebPage\",\"@id\":\"https:\\\/\\\/filmtopia.net\\\/es\\\/entrevista-marianela-maldonado\\\/\",\"url\":\"https:\\\/\\\/filmtopia.net\\\/es\\\/entrevista-marianela-maldonado\\\/\",\"name\":\"Marianela Maldonado: La crisis de Venezuela me convirti\u00f3 en documentalista &#8211; Filmtopia\",\"isPartOf\":{\"@id\":\"https:\\\/\\\/filmtopia.net\\\/es\\\/#website\"},\"primaryImageOfPage\":{\"@id\":\"https:\\\/\\\/filmtopia.net\\\/es\\\/entrevista-marianela-maldonado\\\/#primaryimage\"},\"image\":{\"@id\":\"https:\\\/\\\/filmtopia.net\\\/es\\\/entrevista-marianela-maldonado\\\/#primaryimage\"},\"thumbnailUrl\":\"https:\\\/\\\/filmtopia.net\\\/wp-content\\\/uploads\\\/2024\\\/12\\\/Foto-Marianela-Maldonado-Portada-web-scaled.jpeg\",\"datePublished\":\"2024-12-12T18:47:33+00:00\",\"description\":\"El film sigue a dos ni\u00f1os y una ni\u00f1a donde luchan por alcanzar su sue\u00f1o de poder dedicarse profesionalmente a la m\u00fasica.\",\"breadcrumb\":{\"@id\":\"https:\\\/\\\/filmtopia.net\\\/es\\\/entrevista-marianela-maldonado\\\/#breadcrumb\"},\"inLanguage\":\"es\",\"potentialAction\":[{\"@type\":\"ReadAction\",\"target\":[\"https:\\\/\\\/filmtopia.net\\\/es\\\/entrevista-marianela-maldonado\\\/\"]}]},{\"@type\":\"ImageObject\",\"inLanguage\":\"es\",\"@id\":\"https:\\\/\\\/filmtopia.net\\\/es\\\/entrevista-marianela-maldonado\\\/#primaryimage\",\"url\":\"https:\\\/\\\/filmtopia.net\\\/wp-content\\\/uploads\\\/2024\\\/12\\\/Foto-Marianela-Maldonado-Portada-web-scaled.jpeg\",\"contentUrl\":\"https:\\\/\\\/filmtopia.net\\\/wp-content\\\/uploads\\\/2024\\\/12\\\/Foto-Marianela-Maldonado-Portada-web-scaled.jpeg\",\"width\":1920,\"height\":2560},{\"@type\":\"BreadcrumbList\",\"@id\":\"https:\\\/\\\/filmtopia.net\\\/es\\\/entrevista-marianela-maldonado\\\/#breadcrumb\",\"itemListElement\":[{\"@type\":\"ListItem\",\"position\":1,\"name\":\"Inici\",\"item\":\"https:\\\/\\\/filmtopia.net\\\/es\\\/home\\\/\"},{\"@type\":\"ListItem\",\"position\":2,\"name\":\"Marianela Maldonado: La crisis de Venezuela me convirti\u00f3 en documentalista\"}]},{\"@type\":\"WebSite\",\"@id\":\"https:\\\/\\\/filmtopia.net\\\/es\\\/#website\",\"url\":\"https:\\\/\\\/filmtopia.net\\\/es\\\/\",\"name\":\"Filmtopia\",\"description\":\"La primera web especialitzada en cinema fet per dones\",\"publisher\":{\"@id\":\"https:\\\/\\\/filmtopia.net\\\/es\\\/#organization\"},\"potentialAction\":[{\"@type\":\"SearchAction\",\"target\":{\"@type\":\"EntryPoint\",\"urlTemplate\":\"https:\\\/\\\/filmtopia.net\\\/es\\\/?s={search_term_string}\"},\"query-input\":{\"@type\":\"PropertyValueSpecification\",\"valueRequired\":true,\"valueName\":\"search_term_string\"}}],\"inLanguage\":\"es\"},{\"@type\":\"Organization\",\"@id\":\"https:\\\/\\\/filmtopia.net\\\/es\\\/#organization\",\"name\":\"Filmtopia\",\"url\":\"https:\\\/\\\/filmtopia.net\\\/es\\\/\",\"logo\":{\"@type\":\"ImageObject\",\"inLanguage\":\"es\",\"@id\":\"https:\\\/\\\/filmtopia.net\\\/es\\\/#\\\/schema\\\/logo\\\/image\\\/\",\"url\":\"https:\\\/\\\/filmtopia.net\\\/wp-content\\\/uploads\\\/2024\\\/02\\\/cropped-Group-813.png\",\"contentUrl\":\"https:\\\/\\\/filmtopia.net\\\/wp-content\\\/uploads\\\/2024\\\/02\\\/cropped-Group-813.png\",\"width\":512,\"height\":512,\"caption\":\"Filmtopia\"},\"image\":{\"@id\":\"https:\\\/\\\/filmtopia.net\\\/es\\\/#\\\/schema\\\/logo\\\/image\\\/\"},\"sameAs\":[\"https:\\\/\\\/www.facebook.com\\\/people\\\/Filmtopia\\\/\",\"https:\\\/\\\/www.instagram.com\\\/filmtopia_net\\\/\"]},{\"@type\":\"Person\",\"@id\":\"https:\\\/\\\/filmtopia.net\\\/es\\\/#\\\/schema\\\/person\\\/94399ec91c54729105f4c2ef406f5e5e\",\"name\":\"aleix\",\"image\":{\"@type\":\"ImageObject\",\"inLanguage\":\"es\",\"@id\":\"https:\\\/\\\/secure.gravatar.com\\\/avatar\\\/fc23f76ada3c47b3c6b7e70d3e663c6f80d2966815e2566de077c9b383898212?s=96&d=mm&r=g\",\"url\":\"https:\\\/\\\/secure.gravatar.com\\\/avatar\\\/fc23f76ada3c47b3c6b7e70d3e663c6f80d2966815e2566de077c9b383898212?s=96&d=mm&r=g\",\"contentUrl\":\"https:\\\/\\\/secure.gravatar.com\\\/avatar\\\/fc23f76ada3c47b3c6b7e70d3e663c6f80d2966815e2566de077c9b383898212?s=96&d=mm&r=g\",\"caption\":\"aleix\"},\"url\":\"https:\\\/\\\/filmtopia.net\\\/es\\\/author\\\/aleix\\\/\"}]}<\/script>\n<!-- \/ Yoast SEO plugin. -->","yoast_head_json":{"title":"Marianela Maldonado: La crisis de Venezuela me convirti\u00f3 en documentalista &#8211; Filmtopia","description":"El film sigue a dos ni\u00f1os y una ni\u00f1a donde luchan por alcanzar su sue\u00f1o de poder dedicarse profesionalmente a la m\u00fasica.","robots":{"index":"index","follow":"follow","max-snippet":"max-snippet:-1","max-image-preview":"max-image-preview:large","max-video-preview":"max-video-preview:-1"},"canonical":"https:\/\/filmtopia.net\/es\/entrevista-marianela-maldonado\/","og_locale":"es_ES","og_type":"article","og_title":"Marianela Maldonado: La crisis de Venezuela me convirti\u00f3 en documentalista","og_description":"Hay muchas maneras de retratar la realidad de una sociedad en crisis. La que ha escogido la directora venezolana en el que es su primer documental despu\u00e9s de una carrera como guionista, es la de contar la Historia a trav\u00e9s de las historias. A lo largo de diez a\u00f1os, el film sigue a dos ni\u00f1os y una ni\u00f1a del barrio de Las Brisas, en Valencia, la tercera ciudad de Venezuela, donde luchan por alcanzar su sue\u00f1o de poder dedicarse profesionalmente a la m\u00fasica. Un sue\u00f1o que es reflejo involuntario del sue\u00f1o y la pesadilla de un pa\u00eds entero.","og_url":"https:\/\/filmtopia.net\/es\/entrevista-marianela-maldonado\/","og_site_name":"Filmtopia","article_publisher":"https:\/\/www.facebook.com\/people\/Filmtopia\/","article_published_time":"2024-12-12T18:47:33+00:00","og_image":[{"width":1327,"height":799,"url":"https:\/\/filmtopia.net\/wp-content\/uploads\/2024\/12\/Maldonado-Entrevista-horitzontal.jpg","type":"image\/jpeg"}],"author":"aleix","twitter_card":"summary_large_image","twitter_title":"Marianela Maldonado: La crisis de Venezuela me convirti\u00f3 en documentalista","twitter_description":"Hay muchas maneras de retratar la realidad de una sociedad en crisis. La que ha escogido la directora venezolana en el que es su primer documental despu\u00e9s de una carrera como guionista, es la de contar la Historia a trav\u00e9s de las historias. A lo largo de diez a\u00f1os, el film sigue a dos ni\u00f1os y una ni\u00f1a del barrio de Las Brisas, en Valencia, la tercera ciudad de Venezuela, donde luchan por alcanzar su sue\u00f1o de poder dedicarse profesionalmente a la m\u00fasica. Un sue\u00f1o que es reflejo involuntario del sue\u00f1o y la pesadilla de un pa\u00eds entero.","twitter_image":"https:\/\/filmtopia.net\/wp-content\/uploads\/2024\/12\/Maldonado-Entrevista-horitzontal.jpg","twitter_misc":{"Escrito por":"aleix","Tiempo de lectura":"4 minutos"},"schema":{"@context":"https:\/\/schema.org","@graph":[{"@type":"Article","@id":"https:\/\/filmtopia.net\/es\/entrevista-marianela-maldonado\/#article","isPartOf":{"@id":"https:\/\/filmtopia.net\/es\/entrevista-marianela-maldonado\/"},"author":{"name":"aleix","@id":"https:\/\/filmtopia.net\/es\/#\/schema\/person\/94399ec91c54729105f4c2ef406f5e5e"},"headline":"La crisis de Venezuela me convirti\u00f3 en documentalista","datePublished":"2024-12-12T18:47:33+00:00","mainEntityOfPage":{"@id":"https:\/\/filmtopia.net\/es\/entrevista-marianela-maldonado\/"},"wordCount":10,"commentCount":0,"publisher":{"@id":"https:\/\/filmtopia.net\/es\/#organization"},"image":{"@id":"https:\/\/filmtopia.net\/es\/entrevista-marianela-maldonado\/#primaryimage"},"thumbnailUrl":"https:\/\/filmtopia.net\/wp-content\/uploads\/2024\/12\/Foto-Marianela-Maldonado-Portada-web-scaled.jpeg","articleSection":["DIRECTORAS","DOCUMENTAL","ENTREVISTA","Marianela Maldonado"],"inLanguage":"es","potentialAction":[{"@type":"CommentAction","name":"Comment","target":["https:\/\/filmtopia.net\/es\/entrevista-marianela-maldonado\/#respond"]}]},{"@type":"WebPage","@id":"https:\/\/filmtopia.net\/es\/entrevista-marianela-maldonado\/","url":"https:\/\/filmtopia.net\/es\/entrevista-marianela-maldonado\/","name":"Marianela Maldonado: La crisis de Venezuela me convirti\u00f3 en documentalista &#8211; Filmtopia","isPartOf":{"@id":"https:\/\/filmtopia.net\/es\/#website"},"primaryImageOfPage":{"@id":"https:\/\/filmtopia.net\/es\/entrevista-marianela-maldonado\/#primaryimage"},"image":{"@id":"https:\/\/filmtopia.net\/es\/entrevista-marianela-maldonado\/#primaryimage"},"thumbnailUrl":"https:\/\/filmtopia.net\/wp-content\/uploads\/2024\/12\/Foto-Marianela-Maldonado-Portada-web-scaled.jpeg","datePublished":"2024-12-12T18:47:33+00:00","description":"El film sigue a dos ni\u00f1os y una ni\u00f1a donde luchan por alcanzar su sue\u00f1o de poder dedicarse profesionalmente a la m\u00fasica.","breadcrumb":{"@id":"https:\/\/filmtopia.net\/es\/entrevista-marianela-maldonado\/#breadcrumb"},"inLanguage":"es","potentialAction":[{"@type":"ReadAction","target":["https:\/\/filmtopia.net\/es\/entrevista-marianela-maldonado\/"]}]},{"@type":"ImageObject","inLanguage":"es","@id":"https:\/\/filmtopia.net\/es\/entrevista-marianela-maldonado\/#primaryimage","url":"https:\/\/filmtopia.net\/wp-content\/uploads\/2024\/12\/Foto-Marianela-Maldonado-Portada-web-scaled.jpeg","contentUrl":"https:\/\/filmtopia.net\/wp-content\/uploads\/2024\/12\/Foto-Marianela-Maldonado-Portada-web-scaled.jpeg","width":1920,"height":2560},{"@type":"BreadcrumbList","@id":"https:\/\/filmtopia.net\/es\/entrevista-marianela-maldonado\/#breadcrumb","itemListElement":[{"@type":"ListItem","position":1,"name":"Inici","item":"https:\/\/filmtopia.net\/es\/home\/"},{"@type":"ListItem","position":2,"name":"Marianela Maldonado: La crisis de Venezuela me convirti\u00f3 en documentalista"}]},{"@type":"WebSite","@id":"https:\/\/filmtopia.net\/es\/#website","url":"https:\/\/filmtopia.net\/es\/","name":"Filmtopia","description":"La primera web especialitzada en cinema fet per dones","publisher":{"@id":"https:\/\/filmtopia.net\/es\/#organization"},"potentialAction":[{"@type":"SearchAction","target":{"@type":"EntryPoint","urlTemplate":"https:\/\/filmtopia.net\/es\/?s={search_term_string}"},"query-input":{"@type":"PropertyValueSpecification","valueRequired":true,"valueName":"search_term_string"}}],"inLanguage":"es"},{"@type":"Organization","@id":"https:\/\/filmtopia.net\/es\/#organization","name":"Filmtopia","url":"https:\/\/filmtopia.net\/es\/","logo":{"@type":"ImageObject","inLanguage":"es","@id":"https:\/\/filmtopia.net\/es\/#\/schema\/logo\/image\/","url":"https:\/\/filmtopia.net\/wp-content\/uploads\/2024\/02\/cropped-Group-813.png","contentUrl":"https:\/\/filmtopia.net\/wp-content\/uploads\/2024\/02\/cropped-Group-813.png","width":512,"height":512,"caption":"Filmtopia"},"image":{"@id":"https:\/\/filmtopia.net\/es\/#\/schema\/logo\/image\/"},"sameAs":["https:\/\/www.facebook.com\/people\/Filmtopia\/","https:\/\/www.instagram.com\/filmtopia_net\/"]},{"@type":"Person","@id":"https:\/\/filmtopia.net\/es\/#\/schema\/person\/94399ec91c54729105f4c2ef406f5e5e","name":"aleix","image":{"@type":"ImageObject","inLanguage":"es","@id":"https:\/\/secure.gravatar.com\/avatar\/fc23f76ada3c47b3c6b7e70d3e663c6f80d2966815e2566de077c9b383898212?s=96&d=mm&r=g","url":"https:\/\/secure.gravatar.com\/avatar\/fc23f76ada3c47b3c6b7e70d3e663c6f80d2966815e2566de077c9b383898212?s=96&d=mm&r=g","contentUrl":"https:\/\/secure.gravatar.com\/avatar\/fc23f76ada3c47b3c6b7e70d3e663c6f80d2966815e2566de077c9b383898212?s=96&d=mm&r=g","caption":"aleix"},"url":"https:\/\/filmtopia.net\/es\/author\/aleix\/"}]}},"views":2,"_links":{"self":[{"href":"https:\/\/filmtopia.net\/es\/wp-json\/wp\/v2\/posts\/13280","targetHints":{"allow":["GET"]}}],"collection":[{"href":"https:\/\/filmtopia.net\/es\/wp-json\/wp\/v2\/posts"}],"about":[{"href":"https:\/\/filmtopia.net\/es\/wp-json\/wp\/v2\/types\/post"}],"author":[{"embeddable":true,"href":"https:\/\/filmtopia.net\/es\/wp-json\/wp\/v2\/users\/6"}],"replies":[{"embeddable":true,"href":"https:\/\/filmtopia.net\/es\/wp-json\/wp\/v2\/comments?post=13280"}],"version-history":[{"count":3,"href":"https:\/\/filmtopia.net\/es\/wp-json\/wp\/v2\/posts\/13280\/revisions"}],"predecessor-version":[{"id":13283,"href":"https:\/\/filmtopia.net\/es\/wp-json\/wp\/v2\/posts\/13280\/revisions\/13283"}],"wp:featuredmedia":[{"embeddable":true,"href":"https:\/\/filmtopia.net\/es\/wp-json\/wp\/v2\/media\/13276"}],"wp:attachment":[{"href":"https:\/\/filmtopia.net\/es\/wp-json\/wp\/v2\/media?parent=13280"}],"wp:term":[{"taxonomy":"category","embeddable":true,"href":"https:\/\/filmtopia.net\/es\/wp-json\/wp\/v2\/categories?post=13280"},{"taxonomy":"autor","embeddable":true,"href":"https:\/\/filmtopia.net\/es\/wp-json\/wp\/v2\/autor?post=13280"},{"taxonomy":"credit","embeddable":true,"href":"https:\/\/filmtopia.net\/es\/wp-json\/wp\/v2\/credit?post=13280"},{"taxonomy":"festivals","embeddable":true,"href":"https:\/\/filmtopia.net\/es\/wp-json\/wp\/v2\/festivals?post=13280"},{"taxonomy":"film-year","embeddable":true,"href":"https:\/\/filmtopia.net\/es\/wp-json\/wp\/v2\/film-year?post=13280"},{"taxonomy":"seccions","embeddable":true,"href":"https:\/\/filmtopia.net\/es\/wp-json\/wp\/v2\/seccions?post=13280"},{"taxonomy":"temps","embeddable":true,"href":"https:\/\/filmtopia.net\/es\/wp-json\/wp\/v2\/temps?post=13280"},{"taxonomy":"top","embeddable":true,"href":"https:\/\/filmtopia.net\/es\/wp-json\/wp\/v2\/top?post=13280"}],"curies":[{"name":"wp","href":"https:\/\/api.w.org\/{rel}","templated":true}]}}