{"id":13356,"date":"2024-12-19T16:52:10","date_gmt":"2024-12-19T16:52:10","guid":{"rendered":"https:\/\/filmtopia.net\/?p=13356"},"modified":"2024-12-19T16:52:10","modified_gmt":"2024-12-19T16:52:10","slug":"entrevista-pilar-palomero","status":"publish","type":"post","link":"https:\/\/filmtopia.net\/es\/entrevista-pilar-palomero\/","title":{"rendered":"El paisaje de la infancia"},"content":{"rendered":"","protected":false},"excerpt":{"rendered":"","protected":false},"author":6,"featured_media":13352,"comment_status":"open","ping_status":"open","sticky":false,"template":"","format":"standard","meta":{"_acf_changed":false,"_relevanssi_hide_post":"","_relevanssi_hide_content":"","_relevanssi_pin_for_all":"","_relevanssi_pin_keywords":"","_relevanssi_unpin_keywords":"","_relevanssi_related_keywords":"","_relevanssi_related_include_ids":"","_relevanssi_related_exclude_ids":"","_relevanssi_related_no_append":"","_relevanssi_related_not_related":"","_relevanssi_related_posts":"","_relevanssi_noindex_reason":"","footnotes":""},"categories":[170,238,179,1228],"autor":[466],"credit":[1229],"festivals":[],"film-year":[],"seccions":[92],"temps":[89],"top":[],"class_list":["post-13356","post","type-post","status-publish","format-standard","has-post-thumbnail","hentry","category-directoras","category-entrevista-es","category-pelicula","category-pilar-palomero","autor-nuria-vidal-es","credit-pilar-palomero-3","seccions-entrevistas","temps-presente"],"acf":[],"yoast_head":"<!-- This site is optimized with the Yoast SEO plugin v27.5 - https:\/\/yoast.com\/product\/yoast-seo-wordpress\/ -->\n<title>Pilar Palomero: El paisaje de la infancia &#8211; Filmtopia<\/title>\n<meta name=\"description\" content=\"\u201cPara m\u00ed los cortos son el germen de \u2018Los destellos\u2019. Era la oportunidad de volver a los temas sobre los que hab\u00eda hablado en los cortos\u201d\" \/>\n<meta name=\"robots\" content=\"index, follow, max-snippet:-1, max-image-preview:large, max-video-preview:-1\" \/>\n<link rel=\"canonical\" href=\"https:\/\/filmtopia.net\/es\/entrevista-pilar-palomero\/\" \/>\n<meta property=\"og:locale\" content=\"es_ES\" \/>\n<meta property=\"og:type\" content=\"article\" \/>\n<meta property=\"og:title\" content=\"Pilar Palomero: El paisaje de la infancia\" \/>\n<meta property=\"og:description\" content=\"\u201cPara m\u00ed los cortos son el germen de \u2018Los destellos\u2019. Si alguien ve los cortos se ve claramente. Cuando le\u00ed el relato de Eider Rodr\u00edguez, sent\u00ed que era la oportunidad de volver a los temas sobre los que hab\u00eda hablado en los cortos\u201d\" \/>\n<meta property=\"og:url\" content=\"https:\/\/filmtopia.net\/es\/entrevista-pilar-palomero\/\" \/>\n<meta property=\"og:site_name\" content=\"Filmtopia\" \/>\n<meta property=\"article:publisher\" content=\"https:\/\/www.facebook.com\/people\/Filmtopia\/\" \/>\n<meta property=\"article:published_time\" content=\"2024-12-19T16:52:10+00:00\" \/>\n<meta property=\"og:image\" content=\"https:\/\/filmtopia.net\/wp-content\/uploads\/2024\/12\/Entrevista-horitzontal-1.jpg\" \/>\n\t<meta property=\"og:image:width\" content=\"1327\" \/>\n\t<meta property=\"og:image:height\" content=\"799\" \/>\n\t<meta property=\"og:image:type\" content=\"image\/jpeg\" \/>\n<meta name=\"author\" content=\"aleix\" \/>\n<meta name=\"twitter:card\" content=\"summary_large_image\" \/>\n<meta name=\"twitter:title\" content=\"Pilar Palomero: El paisaje de la infancia\" \/>\n<meta name=\"twitter:description\" content=\"\u201cPara m\u00ed los cortos son el germen de \u2018Los destellos\u2019. Si alguien ve los cortos se ve claramente. Cuando le\u00ed el relato de Eider Rodr\u00edguez, sent\u00ed que era la oportunidad de volver a los temas sobre los que hab\u00eda hablado en los cortos\u201d\" \/>\n<meta name=\"twitter:image\" content=\"https:\/\/filmtopia.net\/wp-content\/uploads\/2024\/12\/Entrevista-horitzontal-1.jpg\" \/>\n<meta name=\"twitter:label1\" content=\"Escrito por\" \/>\n\t<meta name=\"twitter:data1\" content=\"aleix\" \/>\n\t<meta name=\"twitter:label2\" content=\"Tiempo de lectura\" \/>\n\t<meta name=\"twitter:data2\" content=\"2 minutos\" \/>\n<script type=\"application\/ld+json\" class=\"yoast-schema-graph\">{\"@context\":\"https:\\\/\\\/schema.org\",\"@graph\":[{\"@type\":\"Article\",\"@id\":\"https:\\\/\\\/filmtopia.net\\\/es\\\/entrevista-pilar-palomero\\\/#article\",\"isPartOf\":{\"@id\":\"https:\\\/\\\/filmtopia.net\\\/es\\\/entrevista-pilar-palomero\\\/\"},\"author\":{\"name\":\"aleix\",\"@id\":\"https:\\\/\\\/filmtopia.net\\\/es\\\/#\\\/schema\\\/person\\\/94399ec91c54729105f4c2ef406f5e5e\"},\"headline\":\"El paisaje de la infancia\",\"datePublished\":\"2024-12-19T16:52:10+00:00\",\"mainEntityOfPage\":{\"@id\":\"https:\\\/\\\/filmtopia.net\\\/es\\\/entrevista-pilar-palomero\\\/\"},\"wordCount\":7,\"commentCount\":0,\"publisher\":{\"@id\":\"https:\\\/\\\/filmtopia.net\\\/es\\\/#organization\"},\"image\":{\"@id\":\"https:\\\/\\\/filmtopia.net\\\/es\\\/entrevista-pilar-palomero\\\/#primaryimage\"},\"thumbnailUrl\":\"https:\\\/\\\/filmtopia.net\\\/wp-content\\\/uploads\\\/2024\\\/12\\\/PilarPalomero_001@tamaradelafuente-scaled.jpg\",\"articleSection\":[\"DIRECTORAS\",\"ENTREVISTA\",\"PEL\u00cdCULA\",\"Pilar Palomero\"],\"inLanguage\":\"es\",\"potentialAction\":[{\"@type\":\"CommentAction\",\"name\":\"Comment\",\"target\":[\"https:\\\/\\\/filmtopia.net\\\/es\\\/entrevista-pilar-palomero\\\/#respond\"]}]},{\"@type\":\"WebPage\",\"@id\":\"https:\\\/\\\/filmtopia.net\\\/es\\\/entrevista-pilar-palomero\\\/\",\"url\":\"https:\\\/\\\/filmtopia.net\\\/es\\\/entrevista-pilar-palomero\\\/\",\"name\":\"Pilar Palomero: El paisaje de la infancia &#8211; Filmtopia\",\"isPartOf\":{\"@id\":\"https:\\\/\\\/filmtopia.net\\\/es\\\/#website\"},\"primaryImageOfPage\":{\"@id\":\"https:\\\/\\\/filmtopia.net\\\/es\\\/entrevista-pilar-palomero\\\/#primaryimage\"},\"image\":{\"@id\":\"https:\\\/\\\/filmtopia.net\\\/es\\\/entrevista-pilar-palomero\\\/#primaryimage\"},\"thumbnailUrl\":\"https:\\\/\\\/filmtopia.net\\\/wp-content\\\/uploads\\\/2024\\\/12\\\/PilarPalomero_001@tamaradelafuente-scaled.jpg\",\"datePublished\":\"2024-12-19T16:52:10+00:00\",\"description\":\"\u201cPara m\u00ed los cortos son el germen de \u2018Los destellos\u2019. Era la oportunidad de volver a los temas sobre los que hab\u00eda hablado en los cortos\u201d\",\"breadcrumb\":{\"@id\":\"https:\\\/\\\/filmtopia.net\\\/es\\\/entrevista-pilar-palomero\\\/#breadcrumb\"},\"inLanguage\":\"es\",\"potentialAction\":[{\"@type\":\"ReadAction\",\"target\":[\"https:\\\/\\\/filmtopia.net\\\/es\\\/entrevista-pilar-palomero\\\/\"]}]},{\"@type\":\"ImageObject\",\"inLanguage\":\"es\",\"@id\":\"https:\\\/\\\/filmtopia.net\\\/es\\\/entrevista-pilar-palomero\\\/#primaryimage\",\"url\":\"https:\\\/\\\/filmtopia.net\\\/wp-content\\\/uploads\\\/2024\\\/12\\\/PilarPalomero_001@tamaradelafuente-scaled.jpg\",\"contentUrl\":\"https:\\\/\\\/filmtopia.net\\\/wp-content\\\/uploads\\\/2024\\\/12\\\/PilarPalomero_001@tamaradelafuente-scaled.jpg\",\"width\":1707,\"height\":2560},{\"@type\":\"BreadcrumbList\",\"@id\":\"https:\\\/\\\/filmtopia.net\\\/es\\\/entrevista-pilar-palomero\\\/#breadcrumb\",\"itemListElement\":[{\"@type\":\"ListItem\",\"position\":1,\"name\":\"Inici\",\"item\":\"https:\\\/\\\/filmtopia.net\\\/es\\\/home\\\/\"},{\"@type\":\"ListItem\",\"position\":2,\"name\":\"Pilar Palomero: El paisaje de la infancia\"}]},{\"@type\":\"WebSite\",\"@id\":\"https:\\\/\\\/filmtopia.net\\\/es\\\/#website\",\"url\":\"https:\\\/\\\/filmtopia.net\\\/es\\\/\",\"name\":\"Filmtopia\",\"description\":\"La primera web especialitzada en cinema fet per dones\",\"publisher\":{\"@id\":\"https:\\\/\\\/filmtopia.net\\\/es\\\/#organization\"},\"potentialAction\":[{\"@type\":\"SearchAction\",\"target\":{\"@type\":\"EntryPoint\",\"urlTemplate\":\"https:\\\/\\\/filmtopia.net\\\/es\\\/?s={search_term_string}\"},\"query-input\":{\"@type\":\"PropertyValueSpecification\",\"valueRequired\":true,\"valueName\":\"search_term_string\"}}],\"inLanguage\":\"es\"},{\"@type\":\"Organization\",\"@id\":\"https:\\\/\\\/filmtopia.net\\\/es\\\/#organization\",\"name\":\"Filmtopia\",\"url\":\"https:\\\/\\\/filmtopia.net\\\/es\\\/\",\"logo\":{\"@type\":\"ImageObject\",\"inLanguage\":\"es\",\"@id\":\"https:\\\/\\\/filmtopia.net\\\/es\\\/#\\\/schema\\\/logo\\\/image\\\/\",\"url\":\"https:\\\/\\\/filmtopia.net\\\/wp-content\\\/uploads\\\/2024\\\/02\\\/cropped-Group-813.png\",\"contentUrl\":\"https:\\\/\\\/filmtopia.net\\\/wp-content\\\/uploads\\\/2024\\\/02\\\/cropped-Group-813.png\",\"width\":512,\"height\":512,\"caption\":\"Filmtopia\"},\"image\":{\"@id\":\"https:\\\/\\\/filmtopia.net\\\/es\\\/#\\\/schema\\\/logo\\\/image\\\/\"},\"sameAs\":[\"https:\\\/\\\/www.facebook.com\\\/people\\\/Filmtopia\\\/\",\"https:\\\/\\\/www.instagram.com\\\/filmtopia_net\\\/\"]},{\"@type\":\"Person\",\"@id\":\"https:\\\/\\\/filmtopia.net\\\/es\\\/#\\\/schema\\\/person\\\/94399ec91c54729105f4c2ef406f5e5e\",\"name\":\"aleix\",\"image\":{\"@type\":\"ImageObject\",\"inLanguage\":\"es\",\"@id\":\"https:\\\/\\\/secure.gravatar.com\\\/avatar\\\/fc23f76ada3c47b3c6b7e70d3e663c6f80d2966815e2566de077c9b383898212?s=96&d=mm&r=g\",\"url\":\"https:\\\/\\\/secure.gravatar.com\\\/avatar\\\/fc23f76ada3c47b3c6b7e70d3e663c6f80d2966815e2566de077c9b383898212?s=96&d=mm&r=g\",\"contentUrl\":\"https:\\\/\\\/secure.gravatar.com\\\/avatar\\\/fc23f76ada3c47b3c6b7e70d3e663c6f80d2966815e2566de077c9b383898212?s=96&d=mm&r=g\",\"caption\":\"aleix\"},\"url\":\"https:\\\/\\\/filmtopia.net\\\/es\\\/author\\\/aleix\\\/\"}]}<\/script>\n<!-- \/ Yoast SEO plugin. -->","yoast_head_json":{"title":"Pilar Palomero: El paisaje de la infancia &#8211; Filmtopia","description":"\u201cPara m\u00ed los cortos son el germen de \u2018Los destellos\u2019. Era la oportunidad de volver a los temas sobre los que hab\u00eda hablado en los cortos\u201d","robots":{"index":"index","follow":"follow","max-snippet":"max-snippet:-1","max-image-preview":"max-image-preview:large","max-video-preview":"max-video-preview:-1"},"canonical":"https:\/\/filmtopia.net\/es\/entrevista-pilar-palomero\/","og_locale":"es_ES","og_type":"article","og_title":"Pilar Palomero: El paisaje de la infancia","og_description":"\u201cPara m\u00ed los cortos son el germen de \u2018Los destellos\u2019. Si alguien ve los cortos se ve claramente. Cuando le\u00ed el relato de Eider Rodr\u00edguez, sent\u00ed que era la oportunidad de volver a los temas sobre los que hab\u00eda hablado en los cortos\u201d","og_url":"https:\/\/filmtopia.net\/es\/entrevista-pilar-palomero\/","og_site_name":"Filmtopia","article_publisher":"https:\/\/www.facebook.com\/people\/Filmtopia\/","article_published_time":"2024-12-19T16:52:10+00:00","og_image":[{"width":1327,"height":799,"url":"https:\/\/filmtopia.net\/wp-content\/uploads\/2024\/12\/Entrevista-horitzontal-1.jpg","type":"image\/jpeg"}],"author":"aleix","twitter_card":"summary_large_image","twitter_title":"Pilar Palomero: El paisaje de la infancia","twitter_description":"\u201cPara m\u00ed los cortos son el germen de \u2018Los destellos\u2019. Si alguien ve los cortos se ve claramente. Cuando le\u00ed el relato de Eider Rodr\u00edguez, sent\u00ed que era la oportunidad de volver a los temas sobre los que hab\u00eda hablado en los cortos\u201d","twitter_image":"https:\/\/filmtopia.net\/wp-content\/uploads\/2024\/12\/Entrevista-horitzontal-1.jpg","twitter_misc":{"Escrito por":"aleix","Tiempo de lectura":"2 minutos"},"schema":{"@context":"https:\/\/schema.org","@graph":[{"@type":"Article","@id":"https:\/\/filmtopia.net\/es\/entrevista-pilar-palomero\/#article","isPartOf":{"@id":"https:\/\/filmtopia.net\/es\/entrevista-pilar-palomero\/"},"author":{"name":"aleix","@id":"https:\/\/filmtopia.net\/es\/#\/schema\/person\/94399ec91c54729105f4c2ef406f5e5e"},"headline":"El paisaje de la infancia","datePublished":"2024-12-19T16:52:10+00:00","mainEntityOfPage":{"@id":"https:\/\/filmtopia.net\/es\/entrevista-pilar-palomero\/"},"wordCount":7,"commentCount":0,"publisher":{"@id":"https:\/\/filmtopia.net\/es\/#organization"},"image":{"@id":"https:\/\/filmtopia.net\/es\/entrevista-pilar-palomero\/#primaryimage"},"thumbnailUrl":"https:\/\/filmtopia.net\/wp-content\/uploads\/2024\/12\/PilarPalomero_001@tamaradelafuente-scaled.jpg","articleSection":["DIRECTORAS","ENTREVISTA","PEL\u00cdCULA","Pilar Palomero"],"inLanguage":"es","potentialAction":[{"@type":"CommentAction","name":"Comment","target":["https:\/\/filmtopia.net\/es\/entrevista-pilar-palomero\/#respond"]}]},{"@type":"WebPage","@id":"https:\/\/filmtopia.net\/es\/entrevista-pilar-palomero\/","url":"https:\/\/filmtopia.net\/es\/entrevista-pilar-palomero\/","name":"Pilar Palomero: El paisaje de la infancia &#8211; Filmtopia","isPartOf":{"@id":"https:\/\/filmtopia.net\/es\/#website"},"primaryImageOfPage":{"@id":"https:\/\/filmtopia.net\/es\/entrevista-pilar-palomero\/#primaryimage"},"image":{"@id":"https:\/\/filmtopia.net\/es\/entrevista-pilar-palomero\/#primaryimage"},"thumbnailUrl":"https:\/\/filmtopia.net\/wp-content\/uploads\/2024\/12\/PilarPalomero_001@tamaradelafuente-scaled.jpg","datePublished":"2024-12-19T16:52:10+00:00","description":"\u201cPara m\u00ed los cortos son el germen de \u2018Los destellos\u2019. Era la oportunidad de volver a los temas sobre los que hab\u00eda hablado en los cortos\u201d","breadcrumb":{"@id":"https:\/\/filmtopia.net\/es\/entrevista-pilar-palomero\/#breadcrumb"},"inLanguage":"es","potentialAction":[{"@type":"ReadAction","target":["https:\/\/filmtopia.net\/es\/entrevista-pilar-palomero\/"]}]},{"@type":"ImageObject","inLanguage":"es","@id":"https:\/\/filmtopia.net\/es\/entrevista-pilar-palomero\/#primaryimage","url":"https:\/\/filmtopia.net\/wp-content\/uploads\/2024\/12\/PilarPalomero_001@tamaradelafuente-scaled.jpg","contentUrl":"https:\/\/filmtopia.net\/wp-content\/uploads\/2024\/12\/PilarPalomero_001@tamaradelafuente-scaled.jpg","width":1707,"height":2560},{"@type":"BreadcrumbList","@id":"https:\/\/filmtopia.net\/es\/entrevista-pilar-palomero\/#breadcrumb","itemListElement":[{"@type":"ListItem","position":1,"name":"Inici","item":"https:\/\/filmtopia.net\/es\/home\/"},{"@type":"ListItem","position":2,"name":"Pilar Palomero: El paisaje de la infancia"}]},{"@type":"WebSite","@id":"https:\/\/filmtopia.net\/es\/#website","url":"https:\/\/filmtopia.net\/es\/","name":"Filmtopia","description":"La primera web especialitzada en cinema fet per dones","publisher":{"@id":"https:\/\/filmtopia.net\/es\/#organization"},"potentialAction":[{"@type":"SearchAction","target":{"@type":"EntryPoint","urlTemplate":"https:\/\/filmtopia.net\/es\/?s={search_term_string}"},"query-input":{"@type":"PropertyValueSpecification","valueRequired":true,"valueName":"search_term_string"}}],"inLanguage":"es"},{"@type":"Organization","@id":"https:\/\/filmtopia.net\/es\/#organization","name":"Filmtopia","url":"https:\/\/filmtopia.net\/es\/","logo":{"@type":"ImageObject","inLanguage":"es","@id":"https:\/\/filmtopia.net\/es\/#\/schema\/logo\/image\/","url":"https:\/\/filmtopia.net\/wp-content\/uploads\/2024\/02\/cropped-Group-813.png","contentUrl":"https:\/\/filmtopia.net\/wp-content\/uploads\/2024\/02\/cropped-Group-813.png","width":512,"height":512,"caption":"Filmtopia"},"image":{"@id":"https:\/\/filmtopia.net\/es\/#\/schema\/logo\/image\/"},"sameAs":["https:\/\/www.facebook.com\/people\/Filmtopia\/","https:\/\/www.instagram.com\/filmtopia_net\/"]},{"@type":"Person","@id":"https:\/\/filmtopia.net\/es\/#\/schema\/person\/94399ec91c54729105f4c2ef406f5e5e","name":"aleix","image":{"@type":"ImageObject","inLanguage":"es","@id":"https:\/\/secure.gravatar.com\/avatar\/fc23f76ada3c47b3c6b7e70d3e663c6f80d2966815e2566de077c9b383898212?s=96&d=mm&r=g","url":"https:\/\/secure.gravatar.com\/avatar\/fc23f76ada3c47b3c6b7e70d3e663c6f80d2966815e2566de077c9b383898212?s=96&d=mm&r=g","contentUrl":"https:\/\/secure.gravatar.com\/avatar\/fc23f76ada3c47b3c6b7e70d3e663c6f80d2966815e2566de077c9b383898212?s=96&d=mm&r=g","caption":"aleix"},"url":"https:\/\/filmtopia.net\/es\/author\/aleix\/"}]}},"views":0,"_links":{"self":[{"href":"https:\/\/filmtopia.net\/es\/wp-json\/wp\/v2\/posts\/13356","targetHints":{"allow":["GET"]}}],"collection":[{"href":"https:\/\/filmtopia.net\/es\/wp-json\/wp\/v2\/posts"}],"about":[{"href":"https:\/\/filmtopia.net\/es\/wp-json\/wp\/v2\/types\/post"}],"author":[{"embeddable":true,"href":"https:\/\/filmtopia.net\/es\/wp-json\/wp\/v2\/users\/6"}],"replies":[{"embeddable":true,"href":"https:\/\/filmtopia.net\/es\/wp-json\/wp\/v2\/comments?post=13356"}],"version-history":[{"count":3,"href":"https:\/\/filmtopia.net\/es\/wp-json\/wp\/v2\/posts\/13356\/revisions"}],"predecessor-version":[{"id":13438,"href":"https:\/\/filmtopia.net\/es\/wp-json\/wp\/v2\/posts\/13356\/revisions\/13438"}],"wp:featuredmedia":[{"embeddable":true,"href":"https:\/\/filmtopia.net\/es\/wp-json\/wp\/v2\/media\/13352"}],"wp:attachment":[{"href":"https:\/\/filmtopia.net\/es\/wp-json\/wp\/v2\/media?parent=13356"}],"wp:term":[{"taxonomy":"category","embeddable":true,"href":"https:\/\/filmtopia.net\/es\/wp-json\/wp\/v2\/categories?post=13356"},{"taxonomy":"autor","embeddable":true,"href":"https:\/\/filmtopia.net\/es\/wp-json\/wp\/v2\/autor?post=13356"},{"taxonomy":"credit","embeddable":true,"href":"https:\/\/filmtopia.net\/es\/wp-json\/wp\/v2\/credit?post=13356"},{"taxonomy":"festivals","embeddable":true,"href":"https:\/\/filmtopia.net\/es\/wp-json\/wp\/v2\/festivals?post=13356"},{"taxonomy":"film-year","embeddable":true,"href":"https:\/\/filmtopia.net\/es\/wp-json\/wp\/v2\/film-year?post=13356"},{"taxonomy":"seccions","embeddable":true,"href":"https:\/\/filmtopia.net\/es\/wp-json\/wp\/v2\/seccions?post=13356"},{"taxonomy":"temps","embeddable":true,"href":"https:\/\/filmtopia.net\/es\/wp-json\/wp\/v2\/temps?post=13356"},{"taxonomy":"top","embeddable":true,"href":"https:\/\/filmtopia.net\/es\/wp-json\/wp\/v2\/top?post=13356"}],"curies":[{"name":"wp","href":"https:\/\/api.w.org\/{rel}","templated":true}]}}