{"id":14393,"date":"2025-02-06T18:00:08","date_gmt":"2025-02-06T18:00:08","guid":{"rendered":"https:\/\/filmtopia.net\/?p=14393"},"modified":"2025-04-26T11:22:06","modified_gmt":"2025-04-26T11:22:06","slug":"premios-goya-cortos-nominados","status":"publish","type":"post","link":"https:\/\/filmtopia.net\/es\/premios-goya-cortos-nominados\/","title":{"rendered":"Cortos nominados: Esperanzas confirmadas"},"content":{"rendered":"","protected":false},"excerpt":{"rendered":"","protected":false},"author":6,"featured_media":14389,"comment_status":"open","ping_status":"open","sticky":false,"template":"","format":"standard","meta":{"_acf_changed":false,"_relevanssi_hide_post":"","_relevanssi_hide_content":"","_relevanssi_pin_for_all":"","_relevanssi_pin_keywords":"","_relevanssi_unpin_keywords":"","_relevanssi_related_keywords":"","_relevanssi_related_include_ids":"","_relevanssi_related_exclude_ids":"","_relevanssi_related_no_append":"","_relevanssi_related_not_related":"","_relevanssi_related_posts":"","_relevanssi_noindex_reason":"","footnotes":""},"categories":[338,1586,1590,1585,1583,1432,1526,339,473,1530,1589,1592,1584,1591,1606,346,1604],"autor":[466],"credit":[1593],"festivals":[],"film-year":[],"seccions":[341],"temps":[89],"top":[],"class_list":["post-14393","post","type-post","status-publish","format-standard","has-post-thumbnail","hentry","category-actualidad","category-afiocco-gnecco","category-begona-arrostegui-2","category-carolina-yuste-2","category-celia-de-molina-2","category-cortometraje","category-elena-manrique-2","category-festival-es","category-goya","category-helena-lumbreras","category-isa-luengo","category-lorena-ares","category-lucia-jimenez","category-mabel-lozano","category-marina-freixa","category-premios","category-sofia-esteve","autor-nuria-vidal-es","credit-premios-goya","seccions-actualidad","temps-presente"],"acf":[],"yoast_head":"<!-- This site is optimized with the Yoast SEO plugin v27.5 - https:\/\/yoast.com\/product\/yoast-seo-wordpress\/ -->\n<title>Premios Goya: Cortos nominados: Esperanzas confirmadas &#8211; Filmtopia<\/title>\n<meta name=\"description\" content=\"Nueve de los quince cortos que este a\u00f1o compiten en los Premios Goya est\u00e1n dirigidos por mujeres. Una nueva ola de realizadoras\" \/>\n<meta name=\"robots\" content=\"index, follow, max-snippet:-1, max-image-preview:large, max-video-preview:-1\" \/>\n<link rel=\"canonical\" href=\"https:\/\/filmtopia.net\/es\/premios-goya-cortos-nominados\/\" \/>\n<meta property=\"og:locale\" content=\"es_ES\" \/>\n<meta property=\"og:type\" content=\"article\" \/>\n<meta property=\"og:title\" content=\"Premios Goya: Cortos nominados: Esperanzas confirmadas\" \/>\n<meta property=\"og:description\" content=\"Nueve de los quince cortos que este a\u00f1o compiten en los Premios Goya est\u00e1n dirigidos o codirigidos por mujeres: dos de los cinco nominados a mejor corto de ficci\u00f3n, tres de las cinco nominaciones a mejor corto documental y cuatro de los nominados a mejor corto de animaci\u00f3n. Una esperanza confirmada para el cine espa\u00f1ol que vislumbra una nueva ola de realizadoras.\" \/>\n<meta property=\"og:url\" content=\"https:\/\/filmtopia.net\/es\/premios-goya-cortos-nominados\/\" \/>\n<meta property=\"og:site_name\" content=\"Filmtopia\" \/>\n<meta property=\"article:publisher\" content=\"https:\/\/www.facebook.com\/people\/Filmtopia\/\" \/>\n<meta property=\"article:published_time\" content=\"2025-02-06T18:00:08+00:00\" \/>\n<meta property=\"article:modified_time\" content=\"2025-04-26T11:22:06+00:00\" \/>\n<meta property=\"og:image\" content=\"https:\/\/filmtopia.net\/wp-content\/uploads\/2025\/02\/ciao-bambina.jpg\" \/>\n\t<meta property=\"og:image:width\" content=\"1500\" \/>\n\t<meta property=\"og:image:height\" content=\"844\" \/>\n\t<meta property=\"og:image:type\" content=\"image\/jpeg\" \/>\n<meta name=\"author\" content=\"aleix\" \/>\n<meta name=\"twitter:card\" content=\"summary_large_image\" \/>\n<meta name=\"twitter:label1\" content=\"Escrito por\" \/>\n\t<meta name=\"twitter:data1\" content=\"aleix\" \/>\n\t<meta name=\"twitter:label2\" content=\"Tiempo de lectura\" \/>\n\t<meta name=\"twitter:data2\" content=\"9 minutos\" \/>\n<script type=\"application\/ld+json\" class=\"yoast-schema-graph\">{\"@context\":\"https:\\\/\\\/schema.org\",\"@graph\":[{\"@type\":\"Article\",\"@id\":\"https:\\\/\\\/filmtopia.net\\\/es\\\/premios-goya-cortos-nominados\\\/#article\",\"isPartOf\":{\"@id\":\"https:\\\/\\\/filmtopia.net\\\/es\\\/premios-goya-cortos-nominados\\\/\"},\"author\":{\"name\":\"aleix\",\"@id\":\"https:\\\/\\\/filmtopia.net\\\/es\\\/#\\\/schema\\\/person\\\/94399ec91c54729105f4c2ef406f5e5e\"},\"headline\":\"Cortos nominados: Esperanzas confirmadas\",\"datePublished\":\"2025-02-06T18:00:08+00:00\",\"dateModified\":\"2025-04-26T11:22:06+00:00\",\"mainEntityOfPage\":{\"@id\":\"https:\\\/\\\/filmtopia.net\\\/es\\\/premios-goya-cortos-nominados\\\/\"},\"wordCount\":6,\"commentCount\":0,\"publisher\":{\"@id\":\"https:\\\/\\\/filmtopia.net\\\/es\\\/#organization\"},\"image\":{\"@id\":\"https:\\\/\\\/filmtopia.net\\\/es\\\/premios-goya-cortos-nominados\\\/#primaryimage\"},\"thumbnailUrl\":\"https:\\\/\\\/filmtopia.net\\\/wp-content\\\/uploads\\\/2025\\\/02\\\/ciao-bambina-copy.jpg\",\"articleSection\":[\"ACTUALIDAD\",\"Afiocco Gnecco\",\"Bego\u00f1a Arrostegui\",\"Carolina Yuste\",\"Celia de Molina\",\"CORTOMETRAJE\",\"Elena Manrique\",\"FESTIVAL\",\"GOYA\",\"Helena Lumbreras\",\"Isa Luengo\",\"Lorena Ares\",\"Luc\u00eda Jim\u00e9nez\",\"Mabel Lozano\",\"Marina Freixa\",\"PREMIOS\",\"Sofia Esteve\"],\"inLanguage\":\"es\",\"potentialAction\":[{\"@type\":\"CommentAction\",\"name\":\"Comment\",\"target\":[\"https:\\\/\\\/filmtopia.net\\\/es\\\/premios-goya-cortos-nominados\\\/#respond\"]}]},{\"@type\":\"WebPage\",\"@id\":\"https:\\\/\\\/filmtopia.net\\\/es\\\/premios-goya-cortos-nominados\\\/\",\"url\":\"https:\\\/\\\/filmtopia.net\\\/es\\\/premios-goya-cortos-nominados\\\/\",\"name\":\"Premios Goya: Cortos nominados: Esperanzas confirmadas &#8211; Filmtopia\",\"isPartOf\":{\"@id\":\"https:\\\/\\\/filmtopia.net\\\/es\\\/#website\"},\"primaryImageOfPage\":{\"@id\":\"https:\\\/\\\/filmtopia.net\\\/es\\\/premios-goya-cortos-nominados\\\/#primaryimage\"},\"image\":{\"@id\":\"https:\\\/\\\/filmtopia.net\\\/es\\\/premios-goya-cortos-nominados\\\/#primaryimage\"},\"thumbnailUrl\":\"https:\\\/\\\/filmtopia.net\\\/wp-content\\\/uploads\\\/2025\\\/02\\\/ciao-bambina-copy.jpg\",\"datePublished\":\"2025-02-06T18:00:08+00:00\",\"dateModified\":\"2025-04-26T11:22:06+00:00\",\"description\":\"Nueve de los quince cortos que este a\u00f1o compiten en los Premios Goya est\u00e1n dirigidos por mujeres. Una nueva ola de realizadoras\",\"breadcrumb\":{\"@id\":\"https:\\\/\\\/filmtopia.net\\\/es\\\/premios-goya-cortos-nominados\\\/#breadcrumb\"},\"inLanguage\":\"es\",\"potentialAction\":[{\"@type\":\"ReadAction\",\"target\":[\"https:\\\/\\\/filmtopia.net\\\/es\\\/premios-goya-cortos-nominados\\\/\"]}]},{\"@type\":\"ImageObject\",\"inLanguage\":\"es\",\"@id\":\"https:\\\/\\\/filmtopia.net\\\/es\\\/premios-goya-cortos-nominados\\\/#primaryimage\",\"url\":\"https:\\\/\\\/filmtopia.net\\\/wp-content\\\/uploads\\\/2025\\\/02\\\/ciao-bambina-copy.jpg\",\"contentUrl\":\"https:\\\/\\\/filmtopia.net\\\/wp-content\\\/uploads\\\/2025\\\/02\\\/ciao-bambina-copy.jpg\",\"width\":616,\"height\":837},{\"@type\":\"BreadcrumbList\",\"@id\":\"https:\\\/\\\/filmtopia.net\\\/es\\\/premios-goya-cortos-nominados\\\/#breadcrumb\",\"itemListElement\":[{\"@type\":\"ListItem\",\"position\":1,\"name\":\"Inici\",\"item\":\"https:\\\/\\\/filmtopia.net\\\/es\\\/home\\\/\"},{\"@type\":\"ListItem\",\"position\":2,\"name\":\"Premios Goya: Cortos nominados: Esperanzas confirmadas\"}]},{\"@type\":\"WebSite\",\"@id\":\"https:\\\/\\\/filmtopia.net\\\/es\\\/#website\",\"url\":\"https:\\\/\\\/filmtopia.net\\\/es\\\/\",\"name\":\"Filmtopia\",\"description\":\"La primera web especialitzada en cinema fet per dones\",\"publisher\":{\"@id\":\"https:\\\/\\\/filmtopia.net\\\/es\\\/#organization\"},\"potentialAction\":[{\"@type\":\"SearchAction\",\"target\":{\"@type\":\"EntryPoint\",\"urlTemplate\":\"https:\\\/\\\/filmtopia.net\\\/es\\\/?s={search_term_string}\"},\"query-input\":{\"@type\":\"PropertyValueSpecification\",\"valueRequired\":true,\"valueName\":\"search_term_string\"}}],\"inLanguage\":\"es\"},{\"@type\":\"Organization\",\"@id\":\"https:\\\/\\\/filmtopia.net\\\/es\\\/#organization\",\"name\":\"Filmtopia\",\"url\":\"https:\\\/\\\/filmtopia.net\\\/es\\\/\",\"logo\":{\"@type\":\"ImageObject\",\"inLanguage\":\"es\",\"@id\":\"https:\\\/\\\/filmtopia.net\\\/es\\\/#\\\/schema\\\/logo\\\/image\\\/\",\"url\":\"https:\\\/\\\/filmtopia.net\\\/wp-content\\\/uploads\\\/2024\\\/02\\\/cropped-Group-813.png\",\"contentUrl\":\"https:\\\/\\\/filmtopia.net\\\/wp-content\\\/uploads\\\/2024\\\/02\\\/cropped-Group-813.png\",\"width\":512,\"height\":512,\"caption\":\"Filmtopia\"},\"image\":{\"@id\":\"https:\\\/\\\/filmtopia.net\\\/es\\\/#\\\/schema\\\/logo\\\/image\\\/\"},\"sameAs\":[\"https:\\\/\\\/www.facebook.com\\\/people\\\/Filmtopia\\\/\",\"https:\\\/\\\/www.instagram.com\\\/filmtopia_net\\\/\"]},{\"@type\":\"Person\",\"@id\":\"https:\\\/\\\/filmtopia.net\\\/es\\\/#\\\/schema\\\/person\\\/94399ec91c54729105f4c2ef406f5e5e\",\"name\":\"aleix\",\"image\":{\"@type\":\"ImageObject\",\"inLanguage\":\"es\",\"@id\":\"https:\\\/\\\/secure.gravatar.com\\\/avatar\\\/fc23f76ada3c47b3c6b7e70d3e663c6f80d2966815e2566de077c9b383898212?s=96&d=mm&r=g\",\"url\":\"https:\\\/\\\/secure.gravatar.com\\\/avatar\\\/fc23f76ada3c47b3c6b7e70d3e663c6f80d2966815e2566de077c9b383898212?s=96&d=mm&r=g\",\"contentUrl\":\"https:\\\/\\\/secure.gravatar.com\\\/avatar\\\/fc23f76ada3c47b3c6b7e70d3e663c6f80d2966815e2566de077c9b383898212?s=96&d=mm&r=g\",\"caption\":\"aleix\"},\"url\":\"https:\\\/\\\/filmtopia.net\\\/es\\\/author\\\/aleix\\\/\"}]}<\/script>\n<!-- \/ Yoast SEO plugin. -->","yoast_head_json":{"title":"Premios Goya: Cortos nominados: Esperanzas confirmadas &#8211; Filmtopia","description":"Nueve de los quince cortos que este a\u00f1o compiten en los Premios Goya est\u00e1n dirigidos por mujeres. Una nueva ola de realizadoras","robots":{"index":"index","follow":"follow","max-snippet":"max-snippet:-1","max-image-preview":"max-image-preview:large","max-video-preview":"max-video-preview:-1"},"canonical":"https:\/\/filmtopia.net\/es\/premios-goya-cortos-nominados\/","og_locale":"es_ES","og_type":"article","og_title":"Premios Goya: Cortos nominados: Esperanzas confirmadas","og_description":"Nueve de los quince cortos que este a\u00f1o compiten en los Premios Goya est\u00e1n dirigidos o codirigidos por mujeres: dos de los cinco nominados a mejor corto de ficci\u00f3n, tres de las cinco nominaciones a mejor corto documental y cuatro de los nominados a mejor corto de animaci\u00f3n. Una esperanza confirmada para el cine espa\u00f1ol que vislumbra una nueva ola de realizadoras.","og_url":"https:\/\/filmtopia.net\/es\/premios-goya-cortos-nominados\/","og_site_name":"Filmtopia","article_publisher":"https:\/\/www.facebook.com\/people\/Filmtopia\/","article_published_time":"2025-02-06T18:00:08+00:00","article_modified_time":"2025-04-26T11:22:06+00:00","og_image":[{"width":1500,"height":844,"url":"https:\/\/filmtopia.net\/wp-content\/uploads\/2025\/02\/ciao-bambina.jpg","type":"image\/jpeg"}],"author":"aleix","twitter_card":"summary_large_image","twitter_misc":{"Escrito por":"aleix","Tiempo de lectura":"9 minutos"},"schema":{"@context":"https:\/\/schema.org","@graph":[{"@type":"Article","@id":"https:\/\/filmtopia.net\/es\/premios-goya-cortos-nominados\/#article","isPartOf":{"@id":"https:\/\/filmtopia.net\/es\/premios-goya-cortos-nominados\/"},"author":{"name":"aleix","@id":"https:\/\/filmtopia.net\/es\/#\/schema\/person\/94399ec91c54729105f4c2ef406f5e5e"},"headline":"Cortos nominados: Esperanzas confirmadas","datePublished":"2025-02-06T18:00:08+00:00","dateModified":"2025-04-26T11:22:06+00:00","mainEntityOfPage":{"@id":"https:\/\/filmtopia.net\/es\/premios-goya-cortos-nominados\/"},"wordCount":6,"commentCount":0,"publisher":{"@id":"https:\/\/filmtopia.net\/es\/#organization"},"image":{"@id":"https:\/\/filmtopia.net\/es\/premios-goya-cortos-nominados\/#primaryimage"},"thumbnailUrl":"https:\/\/filmtopia.net\/wp-content\/uploads\/2025\/02\/ciao-bambina-copy.jpg","articleSection":["ACTUALIDAD","Afiocco Gnecco","Bego\u00f1a Arrostegui","Carolina Yuste","Celia de Molina","CORTOMETRAJE","Elena Manrique","FESTIVAL","GOYA","Helena Lumbreras","Isa Luengo","Lorena Ares","Luc\u00eda Jim\u00e9nez","Mabel Lozano","Marina Freixa","PREMIOS","Sofia Esteve"],"inLanguage":"es","potentialAction":[{"@type":"CommentAction","name":"Comment","target":["https:\/\/filmtopia.net\/es\/premios-goya-cortos-nominados\/#respond"]}]},{"@type":"WebPage","@id":"https:\/\/filmtopia.net\/es\/premios-goya-cortos-nominados\/","url":"https:\/\/filmtopia.net\/es\/premios-goya-cortos-nominados\/","name":"Premios Goya: Cortos nominados: Esperanzas confirmadas &#8211; Filmtopia","isPartOf":{"@id":"https:\/\/filmtopia.net\/es\/#website"},"primaryImageOfPage":{"@id":"https:\/\/filmtopia.net\/es\/premios-goya-cortos-nominados\/#primaryimage"},"image":{"@id":"https:\/\/filmtopia.net\/es\/premios-goya-cortos-nominados\/#primaryimage"},"thumbnailUrl":"https:\/\/filmtopia.net\/wp-content\/uploads\/2025\/02\/ciao-bambina-copy.jpg","datePublished":"2025-02-06T18:00:08+00:00","dateModified":"2025-04-26T11:22:06+00:00","description":"Nueve de los quince cortos que este a\u00f1o compiten en los Premios Goya est\u00e1n dirigidos por mujeres. Una nueva ola de realizadoras","breadcrumb":{"@id":"https:\/\/filmtopia.net\/es\/premios-goya-cortos-nominados\/#breadcrumb"},"inLanguage":"es","potentialAction":[{"@type":"ReadAction","target":["https:\/\/filmtopia.net\/es\/premios-goya-cortos-nominados\/"]}]},{"@type":"ImageObject","inLanguage":"es","@id":"https:\/\/filmtopia.net\/es\/premios-goya-cortos-nominados\/#primaryimage","url":"https:\/\/filmtopia.net\/wp-content\/uploads\/2025\/02\/ciao-bambina-copy.jpg","contentUrl":"https:\/\/filmtopia.net\/wp-content\/uploads\/2025\/02\/ciao-bambina-copy.jpg","width":616,"height":837},{"@type":"BreadcrumbList","@id":"https:\/\/filmtopia.net\/es\/premios-goya-cortos-nominados\/#breadcrumb","itemListElement":[{"@type":"ListItem","position":1,"name":"Inici","item":"https:\/\/filmtopia.net\/es\/home\/"},{"@type":"ListItem","position":2,"name":"Premios Goya: Cortos nominados: Esperanzas confirmadas"}]},{"@type":"WebSite","@id":"https:\/\/filmtopia.net\/es\/#website","url":"https:\/\/filmtopia.net\/es\/","name":"Filmtopia","description":"La primera web especialitzada en cinema fet per dones","publisher":{"@id":"https:\/\/filmtopia.net\/es\/#organization"},"potentialAction":[{"@type":"SearchAction","target":{"@type":"EntryPoint","urlTemplate":"https:\/\/filmtopia.net\/es\/?s={search_term_string}"},"query-input":{"@type":"PropertyValueSpecification","valueRequired":true,"valueName":"search_term_string"}}],"inLanguage":"es"},{"@type":"Organization","@id":"https:\/\/filmtopia.net\/es\/#organization","name":"Filmtopia","url":"https:\/\/filmtopia.net\/es\/","logo":{"@type":"ImageObject","inLanguage":"es","@id":"https:\/\/filmtopia.net\/es\/#\/schema\/logo\/image\/","url":"https:\/\/filmtopia.net\/wp-content\/uploads\/2024\/02\/cropped-Group-813.png","contentUrl":"https:\/\/filmtopia.net\/wp-content\/uploads\/2024\/02\/cropped-Group-813.png","width":512,"height":512,"caption":"Filmtopia"},"image":{"@id":"https:\/\/filmtopia.net\/es\/#\/schema\/logo\/image\/"},"sameAs":["https:\/\/www.facebook.com\/people\/Filmtopia\/","https:\/\/www.instagram.com\/filmtopia_net\/"]},{"@type":"Person","@id":"https:\/\/filmtopia.net\/es\/#\/schema\/person\/94399ec91c54729105f4c2ef406f5e5e","name":"aleix","image":{"@type":"ImageObject","inLanguage":"es","@id":"https:\/\/secure.gravatar.com\/avatar\/fc23f76ada3c47b3c6b7e70d3e663c6f80d2966815e2566de077c9b383898212?s=96&d=mm&r=g","url":"https:\/\/secure.gravatar.com\/avatar\/fc23f76ada3c47b3c6b7e70d3e663c6f80d2966815e2566de077c9b383898212?s=96&d=mm&r=g","contentUrl":"https:\/\/secure.gravatar.com\/avatar\/fc23f76ada3c47b3c6b7e70d3e663c6f80d2966815e2566de077c9b383898212?s=96&d=mm&r=g","caption":"aleix"},"url":"https:\/\/filmtopia.net\/es\/author\/aleix\/"}]}},"views":0,"_links":{"self":[{"href":"https:\/\/filmtopia.net\/es\/wp-json\/wp\/v2\/posts\/14393","targetHints":{"allow":["GET"]}}],"collection":[{"href":"https:\/\/filmtopia.net\/es\/wp-json\/wp\/v2\/posts"}],"about":[{"href":"https:\/\/filmtopia.net\/es\/wp-json\/wp\/v2\/types\/post"}],"author":[{"embeddable":true,"href":"https:\/\/filmtopia.net\/es\/wp-json\/wp\/v2\/users\/6"}],"replies":[{"embeddable":true,"href":"https:\/\/filmtopia.net\/es\/wp-json\/wp\/v2\/comments?post=14393"}],"version-history":[{"count":2,"href":"https:\/\/filmtopia.net\/es\/wp-json\/wp\/v2\/posts\/14393\/revisions"}],"predecessor-version":[{"id":14396,"href":"https:\/\/filmtopia.net\/es\/wp-json\/wp\/v2\/posts\/14393\/revisions\/14396"}],"wp:featuredmedia":[{"embeddable":true,"href":"https:\/\/filmtopia.net\/es\/wp-json\/wp\/v2\/media\/14389"}],"wp:attachment":[{"href":"https:\/\/filmtopia.net\/es\/wp-json\/wp\/v2\/media?parent=14393"}],"wp:term":[{"taxonomy":"category","embeddable":true,"href":"https:\/\/filmtopia.net\/es\/wp-json\/wp\/v2\/categories?post=14393"},{"taxonomy":"autor","embeddable":true,"href":"https:\/\/filmtopia.net\/es\/wp-json\/wp\/v2\/autor?post=14393"},{"taxonomy":"credit","embeddable":true,"href":"https:\/\/filmtopia.net\/es\/wp-json\/wp\/v2\/credit?post=14393"},{"taxonomy":"festivals","embeddable":true,"href":"https:\/\/filmtopia.net\/es\/wp-json\/wp\/v2\/festivals?post=14393"},{"taxonomy":"film-year","embeddable":true,"href":"https:\/\/filmtopia.net\/es\/wp-json\/wp\/v2\/film-year?post=14393"},{"taxonomy":"seccions","embeddable":true,"href":"https:\/\/filmtopia.net\/es\/wp-json\/wp\/v2\/seccions?post=14393"},{"taxonomy":"temps","embeddable":true,"href":"https:\/\/filmtopia.net\/es\/wp-json\/wp\/v2\/temps?post=14393"},{"taxonomy":"top","embeddable":true,"href":"https:\/\/filmtopia.net\/es\/wp-json\/wp\/v2\/top?post=14393"}],"curies":[{"name":"wp","href":"https:\/\/api.w.org\/{rel}","templated":true}]}}