{"id":17693,"date":"2025-06-26T20:27:40","date_gmt":"2025-06-26T20:27:40","guid":{"rendered":"https:\/\/filmtopia.net\/?p=17693"},"modified":"2025-06-26T20:27:40","modified_gmt":"2025-06-26T20:27:40","slug":"entrevista-endara-mislov-garcia","status":"publish","type":"post","link":"https:\/\/filmtopia.net\/es\/entrevista-endara-mislov-garcia\/","title":{"rendered":"El refugio del jard\u00edn"},"content":{"rendered":"","protected":false},"excerpt":{"rendered":"","protected":false},"author":6,"featured_media":17684,"comment_status":"open","ping_status":"open","sticky":false,"template":"","format":"standard","meta":{"_acf_changed":false,"_relevanssi_hide_post":"","_relevanssi_hide_content":"","_relevanssi_pin_for_all":"","_relevanssi_pin_keywords":"","_relevanssi_unpin_keywords":"","_relevanssi_related_keywords":"","_relevanssi_related_include_ids":"","_relevanssi_related_exclude_ids":"","_relevanssi_related_no_append":"","_relevanssi_related_not_related":"","_relevanssi_related_posts":"","_relevanssi_noindex_reason":"","footnotes":""},"categories":[199,1485,170,238,2195,179],"autor":[466],"credit":[2194],"festivals":[],"film-year":[],"seccions":[92],"temps":[89],"top":[],"class_list":["post-17693","post","type-post","status-publish","format-standard","has-post-thumbnail","hentry","category-actrices","category-ana-endara-mislov-2","category-directoras","category-entrevista-es","category-paulina-garcia","category-pelicula","autor-nuria-vidal-es","credit-ana-endara-mislov-y-paulina-garcia","seccions-entrevistas","temps-presente"],"acf":[],"yoast_head":"<!-- This site is optimized with the Yoast SEO plugin v27.5 - https:\/\/yoast.com\/product\/yoast-seo-wordpress\/ -->\n<title>Ana Endara Mislov y Paulina Garc\u00eda: El refugio del jard\u00edn &#8211; Filmtopia<\/title>\n<meta name=\"description\" content=\"Uno de los mejores films latinoamericanos del a\u00f1o con una entrevista a la directora, Ana Endara Mislov, y a su protagonista Paulina Garc\u00eda.\" \/>\n<meta name=\"robots\" content=\"index, follow, max-snippet:-1, max-image-preview:large, max-video-preview:-1\" \/>\n<link rel=\"canonical\" href=\"https:\/\/filmtopia.net\/es\/entrevista-endara-mislov-garcia\/\" \/>\n<meta property=\"og:locale\" content=\"es_ES\" \/>\n<meta property=\"og:type\" content=\"article\" \/>\n<meta property=\"og:title\" content=\"Ana Endara Mislov y Paulina Garc\u00eda: El refugio del jard\u00edn\" \/>\n<meta property=\"og:description\" content=\"El pr\u00f3ximo viernes 4 de julio, dentro de la programaci\u00f3n de La Gran Pantalla, Festival Internacional de Cine de las Personas Mayores de Barcelona, se proyectar\u00e1 \u2018Querido tr\u00f3pico\u2019 de Ana Endara Mislov. Esta es una excelente ocasi\u00f3n para descubrir uno de los mejores films latinoamericanos del a\u00f1o, que pudimos ver en la secci\u00f3n Horizontes Latinos del pasado Festival de San Sebasti\u00e1n, donde tuvimos la oportunidad de entrevistar a la directora, Ana Endara Mislov, y a su protagonista, la actriz Paulina Garc\u00eda.\" \/>\n<meta property=\"og:url\" content=\"https:\/\/filmtopia.net\/es\/entrevista-endara-mislov-garcia\/\" \/>\n<meta property=\"og:site_name\" content=\"Filmtopia\" \/>\n<meta property=\"article:publisher\" content=\"https:\/\/www.facebook.com\/people\/Filmtopia\/\" \/>\n<meta property=\"article:published_time\" content=\"2025-06-26T20:27:40+00:00\" \/>\n<meta property=\"og:image\" content=\"https:\/\/filmtopia.net\/wp-content\/uploads\/2025\/06\/endara-garcia-Entrevista-horitzontal.jpg\" \/>\n\t<meta property=\"og:image:width\" content=\"1327\" \/>\n\t<meta property=\"og:image:height\" content=\"799\" \/>\n\t<meta property=\"og:image:type\" content=\"image\/jpeg\" \/>\n<meta name=\"author\" content=\"aleix\" \/>\n<meta name=\"twitter:card\" content=\"summary_large_image\" \/>\n<meta name=\"twitter:label1\" content=\"Escrito por\" \/>\n\t<meta name=\"twitter:data1\" content=\"aleix\" \/>\n\t<meta name=\"twitter:label2\" content=\"Tiempo de lectura\" \/>\n\t<meta name=\"twitter:data2\" content=\"11 minutos\" \/>\n<script type=\"application\/ld+json\" class=\"yoast-schema-graph\">{\"@context\":\"https:\\\/\\\/schema.org\",\"@graph\":[{\"@type\":\"Article\",\"@id\":\"https:\\\/\\\/filmtopia.net\\\/es\\\/entrevista-endara-mislov-garcia\\\/#article\",\"isPartOf\":{\"@id\":\"https:\\\/\\\/filmtopia.net\\\/es\\\/entrevista-endara-mislov-garcia\\\/\"},\"author\":{\"name\":\"aleix\",\"@id\":\"https:\\\/\\\/filmtopia.net\\\/es\\\/#\\\/schema\\\/person\\\/94399ec91c54729105f4c2ef406f5e5e\"},\"headline\":\"El refugio del jard\u00edn\",\"datePublished\":\"2025-06-26T20:27:40+00:00\",\"mainEntityOfPage\":{\"@id\":\"https:\\\/\\\/filmtopia.net\\\/es\\\/entrevista-endara-mislov-garcia\\\/\"},\"wordCount\":12,\"commentCount\":0,\"publisher\":{\"@id\":\"https:\\\/\\\/filmtopia.net\\\/es\\\/#organization\"},\"image\":{\"@id\":\"https:\\\/\\\/filmtopia.net\\\/es\\\/entrevista-endara-mislov-garcia\\\/#primaryimage\"},\"thumbnailUrl\":\"https:\\\/\\\/filmtopia.net\\\/wp-content\\\/uploads\\\/2025\\\/06\\\/Entrevista-vertical-1.jpg\",\"articleSection\":[\"ACTRICES\",\"Ana Endara Mislov\",\"DIRECTORAS\",\"ENTREVISTA\",\"Paulina Garc\u00eda\",\"PEL\u00cdCULA\"],\"inLanguage\":\"es\",\"potentialAction\":[{\"@type\":\"CommentAction\",\"name\":\"Comment\",\"target\":[\"https:\\\/\\\/filmtopia.net\\\/es\\\/entrevista-endara-mislov-garcia\\\/#respond\"]}]},{\"@type\":\"WebPage\",\"@id\":\"https:\\\/\\\/filmtopia.net\\\/es\\\/entrevista-endara-mislov-garcia\\\/\",\"url\":\"https:\\\/\\\/filmtopia.net\\\/es\\\/entrevista-endara-mislov-garcia\\\/\",\"name\":\"Ana Endara Mislov y Paulina Garc\u00eda: El refugio del jard\u00edn &#8211; Filmtopia\",\"isPartOf\":{\"@id\":\"https:\\\/\\\/filmtopia.net\\\/es\\\/#website\"},\"primaryImageOfPage\":{\"@id\":\"https:\\\/\\\/filmtopia.net\\\/es\\\/entrevista-endara-mislov-garcia\\\/#primaryimage\"},\"image\":{\"@id\":\"https:\\\/\\\/filmtopia.net\\\/es\\\/entrevista-endara-mislov-garcia\\\/#primaryimage\"},\"thumbnailUrl\":\"https:\\\/\\\/filmtopia.net\\\/wp-content\\\/uploads\\\/2025\\\/06\\\/Entrevista-vertical-1.jpg\",\"datePublished\":\"2025-06-26T20:27:40+00:00\",\"description\":\"Uno de los mejores films latinoamericanos del a\u00f1o con una entrevista a la directora, Ana Endara Mislov, y a su protagonista Paulina Garc\u00eda.\",\"breadcrumb\":{\"@id\":\"https:\\\/\\\/filmtopia.net\\\/es\\\/entrevista-endara-mislov-garcia\\\/#breadcrumb\"},\"inLanguage\":\"es\",\"potentialAction\":[{\"@type\":\"ReadAction\",\"target\":[\"https:\\\/\\\/filmtopia.net\\\/es\\\/entrevista-endara-mislov-garcia\\\/\"]}]},{\"@type\":\"ImageObject\",\"inLanguage\":\"es\",\"@id\":\"https:\\\/\\\/filmtopia.net\\\/es\\\/entrevista-endara-mislov-garcia\\\/#primaryimage\",\"url\":\"https:\\\/\\\/filmtopia.net\\\/wp-content\\\/uploads\\\/2025\\\/06\\\/Entrevista-vertical-1.jpg\",\"contentUrl\":\"https:\\\/\\\/filmtopia.net\\\/wp-content\\\/uploads\\\/2025\\\/06\\\/Entrevista-vertical-1.jpg\",\"width\":1094,\"height\":1442},{\"@type\":\"BreadcrumbList\",\"@id\":\"https:\\\/\\\/filmtopia.net\\\/es\\\/entrevista-endara-mislov-garcia\\\/#breadcrumb\",\"itemListElement\":[{\"@type\":\"ListItem\",\"position\":1,\"name\":\"Inici\",\"item\":\"https:\\\/\\\/filmtopia.net\\\/es\\\/home\\\/\"},{\"@type\":\"ListItem\",\"position\":2,\"name\":\"Ana Endara Mislov y Paulina Garc\u00eda: El refugio del jard\u00edn\"}]},{\"@type\":\"WebSite\",\"@id\":\"https:\\\/\\\/filmtopia.net\\\/es\\\/#website\",\"url\":\"https:\\\/\\\/filmtopia.net\\\/es\\\/\",\"name\":\"Filmtopia\",\"description\":\"La primera web especialitzada en cinema fet per dones\",\"publisher\":{\"@id\":\"https:\\\/\\\/filmtopia.net\\\/es\\\/#organization\"},\"potentialAction\":[{\"@type\":\"SearchAction\",\"target\":{\"@type\":\"EntryPoint\",\"urlTemplate\":\"https:\\\/\\\/filmtopia.net\\\/es\\\/?s={search_term_string}\"},\"query-input\":{\"@type\":\"PropertyValueSpecification\",\"valueRequired\":true,\"valueName\":\"search_term_string\"}}],\"inLanguage\":\"es\"},{\"@type\":\"Organization\",\"@id\":\"https:\\\/\\\/filmtopia.net\\\/es\\\/#organization\",\"name\":\"Filmtopia\",\"url\":\"https:\\\/\\\/filmtopia.net\\\/es\\\/\",\"logo\":{\"@type\":\"ImageObject\",\"inLanguage\":\"es\",\"@id\":\"https:\\\/\\\/filmtopia.net\\\/es\\\/#\\\/schema\\\/logo\\\/image\\\/\",\"url\":\"https:\\\/\\\/filmtopia.net\\\/wp-content\\\/uploads\\\/2024\\\/02\\\/cropped-Group-813.png\",\"contentUrl\":\"https:\\\/\\\/filmtopia.net\\\/wp-content\\\/uploads\\\/2024\\\/02\\\/cropped-Group-813.png\",\"width\":512,\"height\":512,\"caption\":\"Filmtopia\"},\"image\":{\"@id\":\"https:\\\/\\\/filmtopia.net\\\/es\\\/#\\\/schema\\\/logo\\\/image\\\/\"},\"sameAs\":[\"https:\\\/\\\/www.facebook.com\\\/people\\\/Filmtopia\\\/\",\"https:\\\/\\\/www.instagram.com\\\/filmtopia_net\\\/\"]},{\"@type\":\"Person\",\"@id\":\"https:\\\/\\\/filmtopia.net\\\/es\\\/#\\\/schema\\\/person\\\/94399ec91c54729105f4c2ef406f5e5e\",\"name\":\"aleix\",\"image\":{\"@type\":\"ImageObject\",\"inLanguage\":\"es\",\"@id\":\"https:\\\/\\\/secure.gravatar.com\\\/avatar\\\/fc23f76ada3c47b3c6b7e70d3e663c6f80d2966815e2566de077c9b383898212?s=96&d=mm&r=g\",\"url\":\"https:\\\/\\\/secure.gravatar.com\\\/avatar\\\/fc23f76ada3c47b3c6b7e70d3e663c6f80d2966815e2566de077c9b383898212?s=96&d=mm&r=g\",\"contentUrl\":\"https:\\\/\\\/secure.gravatar.com\\\/avatar\\\/fc23f76ada3c47b3c6b7e70d3e663c6f80d2966815e2566de077c9b383898212?s=96&d=mm&r=g\",\"caption\":\"aleix\"},\"url\":\"https:\\\/\\\/filmtopia.net\\\/es\\\/author\\\/aleix\\\/\"}]}<\/script>\n<!-- \/ Yoast SEO plugin. -->","yoast_head_json":{"title":"Ana Endara Mislov y Paulina Garc\u00eda: El refugio del jard\u00edn &#8211; Filmtopia","description":"Uno de los mejores films latinoamericanos del a\u00f1o con una entrevista a la directora, Ana Endara Mislov, y a su protagonista Paulina Garc\u00eda.","robots":{"index":"index","follow":"follow","max-snippet":"max-snippet:-1","max-image-preview":"max-image-preview:large","max-video-preview":"max-video-preview:-1"},"canonical":"https:\/\/filmtopia.net\/es\/entrevista-endara-mislov-garcia\/","og_locale":"es_ES","og_type":"article","og_title":"Ana Endara Mislov y Paulina Garc\u00eda: El refugio del jard\u00edn","og_description":"El pr\u00f3ximo viernes 4 de julio, dentro de la programaci\u00f3n de La Gran Pantalla, Festival Internacional de Cine de las Personas Mayores de Barcelona, se proyectar\u00e1 \u2018Querido tr\u00f3pico\u2019 de Ana Endara Mislov. Esta es una excelente ocasi\u00f3n para descubrir uno de los mejores films latinoamericanos del a\u00f1o, que pudimos ver en la secci\u00f3n Horizontes Latinos del pasado Festival de San Sebasti\u00e1n, donde tuvimos la oportunidad de entrevistar a la directora, Ana Endara Mislov, y a su protagonista, la actriz Paulina Garc\u00eda.","og_url":"https:\/\/filmtopia.net\/es\/entrevista-endara-mislov-garcia\/","og_site_name":"Filmtopia","article_publisher":"https:\/\/www.facebook.com\/people\/Filmtopia\/","article_published_time":"2025-06-26T20:27:40+00:00","og_image":[{"width":1327,"height":799,"url":"https:\/\/filmtopia.net\/wp-content\/uploads\/2025\/06\/endara-garcia-Entrevista-horitzontal.jpg","type":"image\/jpeg"}],"author":"aleix","twitter_card":"summary_large_image","twitter_misc":{"Escrito por":"aleix","Tiempo de lectura":"11 minutos"},"schema":{"@context":"https:\/\/schema.org","@graph":[{"@type":"Article","@id":"https:\/\/filmtopia.net\/es\/entrevista-endara-mislov-garcia\/#article","isPartOf":{"@id":"https:\/\/filmtopia.net\/es\/entrevista-endara-mislov-garcia\/"},"author":{"name":"aleix","@id":"https:\/\/filmtopia.net\/es\/#\/schema\/person\/94399ec91c54729105f4c2ef406f5e5e"},"headline":"El refugio del jard\u00edn","datePublished":"2025-06-26T20:27:40+00:00","mainEntityOfPage":{"@id":"https:\/\/filmtopia.net\/es\/entrevista-endara-mislov-garcia\/"},"wordCount":12,"commentCount":0,"publisher":{"@id":"https:\/\/filmtopia.net\/es\/#organization"},"image":{"@id":"https:\/\/filmtopia.net\/es\/entrevista-endara-mislov-garcia\/#primaryimage"},"thumbnailUrl":"https:\/\/filmtopia.net\/wp-content\/uploads\/2025\/06\/Entrevista-vertical-1.jpg","articleSection":["ACTRICES","Ana Endara Mislov","DIRECTORAS","ENTREVISTA","Paulina Garc\u00eda","PEL\u00cdCULA"],"inLanguage":"es","potentialAction":[{"@type":"CommentAction","name":"Comment","target":["https:\/\/filmtopia.net\/es\/entrevista-endara-mislov-garcia\/#respond"]}]},{"@type":"WebPage","@id":"https:\/\/filmtopia.net\/es\/entrevista-endara-mislov-garcia\/","url":"https:\/\/filmtopia.net\/es\/entrevista-endara-mislov-garcia\/","name":"Ana Endara Mislov y Paulina Garc\u00eda: El refugio del jard\u00edn &#8211; Filmtopia","isPartOf":{"@id":"https:\/\/filmtopia.net\/es\/#website"},"primaryImageOfPage":{"@id":"https:\/\/filmtopia.net\/es\/entrevista-endara-mislov-garcia\/#primaryimage"},"image":{"@id":"https:\/\/filmtopia.net\/es\/entrevista-endara-mislov-garcia\/#primaryimage"},"thumbnailUrl":"https:\/\/filmtopia.net\/wp-content\/uploads\/2025\/06\/Entrevista-vertical-1.jpg","datePublished":"2025-06-26T20:27:40+00:00","description":"Uno de los mejores films latinoamericanos del a\u00f1o con una entrevista a la directora, Ana Endara Mislov, y a su protagonista Paulina Garc\u00eda.","breadcrumb":{"@id":"https:\/\/filmtopia.net\/es\/entrevista-endara-mislov-garcia\/#breadcrumb"},"inLanguage":"es","potentialAction":[{"@type":"ReadAction","target":["https:\/\/filmtopia.net\/es\/entrevista-endara-mislov-garcia\/"]}]},{"@type":"ImageObject","inLanguage":"es","@id":"https:\/\/filmtopia.net\/es\/entrevista-endara-mislov-garcia\/#primaryimage","url":"https:\/\/filmtopia.net\/wp-content\/uploads\/2025\/06\/Entrevista-vertical-1.jpg","contentUrl":"https:\/\/filmtopia.net\/wp-content\/uploads\/2025\/06\/Entrevista-vertical-1.jpg","width":1094,"height":1442},{"@type":"BreadcrumbList","@id":"https:\/\/filmtopia.net\/es\/entrevista-endara-mislov-garcia\/#breadcrumb","itemListElement":[{"@type":"ListItem","position":1,"name":"Inici","item":"https:\/\/filmtopia.net\/es\/home\/"},{"@type":"ListItem","position":2,"name":"Ana Endara Mislov y Paulina Garc\u00eda: El refugio del jard\u00edn"}]},{"@type":"WebSite","@id":"https:\/\/filmtopia.net\/es\/#website","url":"https:\/\/filmtopia.net\/es\/","name":"Filmtopia","description":"La primera web especialitzada en cinema fet per dones","publisher":{"@id":"https:\/\/filmtopia.net\/es\/#organization"},"potentialAction":[{"@type":"SearchAction","target":{"@type":"EntryPoint","urlTemplate":"https:\/\/filmtopia.net\/es\/?s={search_term_string}"},"query-input":{"@type":"PropertyValueSpecification","valueRequired":true,"valueName":"search_term_string"}}],"inLanguage":"es"},{"@type":"Organization","@id":"https:\/\/filmtopia.net\/es\/#organization","name":"Filmtopia","url":"https:\/\/filmtopia.net\/es\/","logo":{"@type":"ImageObject","inLanguage":"es","@id":"https:\/\/filmtopia.net\/es\/#\/schema\/logo\/image\/","url":"https:\/\/filmtopia.net\/wp-content\/uploads\/2024\/02\/cropped-Group-813.png","contentUrl":"https:\/\/filmtopia.net\/wp-content\/uploads\/2024\/02\/cropped-Group-813.png","width":512,"height":512,"caption":"Filmtopia"},"image":{"@id":"https:\/\/filmtopia.net\/es\/#\/schema\/logo\/image\/"},"sameAs":["https:\/\/www.facebook.com\/people\/Filmtopia\/","https:\/\/www.instagram.com\/filmtopia_net\/"]},{"@type":"Person","@id":"https:\/\/filmtopia.net\/es\/#\/schema\/person\/94399ec91c54729105f4c2ef406f5e5e","name":"aleix","image":{"@type":"ImageObject","inLanguage":"es","@id":"https:\/\/secure.gravatar.com\/avatar\/fc23f76ada3c47b3c6b7e70d3e663c6f80d2966815e2566de077c9b383898212?s=96&d=mm&r=g","url":"https:\/\/secure.gravatar.com\/avatar\/fc23f76ada3c47b3c6b7e70d3e663c6f80d2966815e2566de077c9b383898212?s=96&d=mm&r=g","contentUrl":"https:\/\/secure.gravatar.com\/avatar\/fc23f76ada3c47b3c6b7e70d3e663c6f80d2966815e2566de077c9b383898212?s=96&d=mm&r=g","caption":"aleix"},"url":"https:\/\/filmtopia.net\/es\/author\/aleix\/"}]}},"views":0,"_links":{"self":[{"href":"https:\/\/filmtopia.net\/es\/wp-json\/wp\/v2\/posts\/17693","targetHints":{"allow":["GET"]}}],"collection":[{"href":"https:\/\/filmtopia.net\/es\/wp-json\/wp\/v2\/posts"}],"about":[{"href":"https:\/\/filmtopia.net\/es\/wp-json\/wp\/v2\/types\/post"}],"author":[{"embeddable":true,"href":"https:\/\/filmtopia.net\/es\/wp-json\/wp\/v2\/users\/6"}],"replies":[{"embeddable":true,"href":"https:\/\/filmtopia.net\/es\/wp-json\/wp\/v2\/comments?post=17693"}],"version-history":[{"count":4,"href":"https:\/\/filmtopia.net\/es\/wp-json\/wp\/v2\/posts\/17693\/revisions"}],"predecessor-version":[{"id":17698,"href":"https:\/\/filmtopia.net\/es\/wp-json\/wp\/v2\/posts\/17693\/revisions\/17698"}],"wp:featuredmedia":[{"embeddable":true,"href":"https:\/\/filmtopia.net\/es\/wp-json\/wp\/v2\/media\/17684"}],"wp:attachment":[{"href":"https:\/\/filmtopia.net\/es\/wp-json\/wp\/v2\/media?parent=17693"}],"wp:term":[{"taxonomy":"category","embeddable":true,"href":"https:\/\/filmtopia.net\/es\/wp-json\/wp\/v2\/categories?post=17693"},{"taxonomy":"autor","embeddable":true,"href":"https:\/\/filmtopia.net\/es\/wp-json\/wp\/v2\/autor?post=17693"},{"taxonomy":"credit","embeddable":true,"href":"https:\/\/filmtopia.net\/es\/wp-json\/wp\/v2\/credit?post=17693"},{"taxonomy":"festivals","embeddable":true,"href":"https:\/\/filmtopia.net\/es\/wp-json\/wp\/v2\/festivals?post=17693"},{"taxonomy":"film-year","embeddable":true,"href":"https:\/\/filmtopia.net\/es\/wp-json\/wp\/v2\/film-year?post=17693"},{"taxonomy":"seccions","embeddable":true,"href":"https:\/\/filmtopia.net\/es\/wp-json\/wp\/v2\/seccions?post=17693"},{"taxonomy":"temps","embeddable":true,"href":"https:\/\/filmtopia.net\/es\/wp-json\/wp\/v2\/temps?post=17693"},{"taxonomy":"top","embeddable":true,"href":"https:\/\/filmtopia.net\/es\/wp-json\/wp\/v2\/top?post=17693"}],"curies":[{"name":"wp","href":"https:\/\/api.w.org\/{rel}","templated":true}]}}