{"id":20427,"date":"2025-11-20T22:03:49","date_gmt":"2025-11-20T22:03:49","guid":{"rendered":"https:\/\/filmtopia.net\/?p=20427"},"modified":"2025-11-20T22:03:49","modified_gmt":"2025-11-20T22:03:49","slug":"entrevista-marta-medina","status":"publish","type":"post","link":"https:\/\/filmtopia.net\/es\/entrevista-marta-medina\/","title":{"rendered":"Dejarse arrebatar"},"content":{"rendered":"","protected":false},"excerpt":{"rendered":"","protected":false},"author":6,"featured_media":20425,"comment_status":"open","ping_status":"open","sticky":false,"template":"","format":"standard","meta":{"_acf_changed":false,"_relevanssi_hide_post":"","_relevanssi_hide_content":"","_relevanssi_pin_for_all":"","_relevanssi_pin_keywords":"","_relevanssi_unpin_keywords":"","_relevanssi_related_keywords":"","_relevanssi_related_include_ids":"","_relevanssi_related_exclude_ids":"","_relevanssi_related_no_append":"","_relevanssi_related_not_related":"","_relevanssi_related_posts":"","_relevanssi_noindex_reason":"","footnotes":""},"categories":[170,238,2529,179],"autor":[466],"credit":[2530],"festivals":[],"film-year":[],"seccions":[92],"temps":[89],"top":[],"class_list":["post-20427","post","type-post","status-publish","format-standard","has-post-thumbnail","hentry","category-directoras","category-entrevista-es","category-marta-medina","category-pelicula","autor-nuria-vidal-es","credit-marta-medina-es","seccions-entrevistas","temps-presente"],"acf":[],"yoast_head":"<!-- This site is optimized with the Yoast SEO plugin v27.5 - https:\/\/yoast.com\/product\/yoast-seo-wordpress\/ -->\n<title>Marta Medina: Dejarse arrebatar &#8211; Filmtopia<\/title>\n<meta name=\"description\" content=\"Marta Medina, y Enrique L\u00f3pez Lavigne, han unido sus fuerzas para hacer un film sobre \u2018Arrebato\u2019, la pel\u00edcula maldita de Iv\u00e1n Zulueta.\" \/>\n<meta name=\"robots\" content=\"index, follow, max-snippet:-1, max-image-preview:large, max-video-preview:-1\" \/>\n<link rel=\"canonical\" href=\"https:\/\/filmtopia.net\/es\/entrevista-marta-medina\/\" \/>\n<meta property=\"og:locale\" content=\"es_ES\" \/>\n<meta property=\"og:type\" content=\"article\" \/>\n<meta property=\"og:title\" content=\"Marta Medina: Dejarse arrebatar\" \/>\n<meta property=\"og:description\" content=\"Una cr\u00edtica de cine, Marta Medina, y un productor, Enrique L\u00f3pez Lavigne, han unido sus fuerzas para hacer un film sobre \u2018Arrebato\u2019, la pel\u00edcula maldita de Iv\u00e1n Zulueta. \u2018El \u00faltimo arrebato\u2019 se present\u00f3 en el Festival de San Sebasti\u00e1n pocos d\u00edas despu\u00e9s de la muerte de Eusebio Poncela, protagonista de \u2018Arrebato\u2019, por lo que la proyecci\u00f3n se convirti\u00f3 en un emocionado homenaje al actor.\" \/>\n<meta property=\"og:url\" content=\"https:\/\/filmtopia.net\/es\/entrevista-marta-medina\/\" \/>\n<meta property=\"og:site_name\" content=\"Filmtopia\" \/>\n<meta property=\"article:publisher\" content=\"https:\/\/www.facebook.com\/people\/Filmtopia\/\" \/>\n<meta property=\"article:published_time\" content=\"2025-11-20T22:03:49+00:00\" \/>\n<meta property=\"og:image\" content=\"https:\/\/filmtopia.net\/wp-content\/uploads\/2025\/11\/Marta-Medina-Entrevista-horitzontal-1024x617.jpg\" \/>\n<meta name=\"author\" content=\"aleix\" \/>\n<meta name=\"twitter:card\" content=\"summary_large_image\" \/>\n<meta name=\"twitter:label1\" content=\"Escrito por\" \/>\n\t<meta name=\"twitter:data1\" content=\"aleix\" \/>\n\t<meta name=\"twitter:label2\" content=\"Tiempo de lectura\" \/>\n\t<meta name=\"twitter:data2\" content=\"3 minutos\" \/>\n<script type=\"application\/ld+json\" class=\"yoast-schema-graph\">{\"@context\":\"https:\\\/\\\/schema.org\",\"@graph\":[{\"@type\":\"Article\",\"@id\":\"https:\\\/\\\/filmtopia.net\\\/es\\\/entrevista-marta-medina\\\/#article\",\"isPartOf\":{\"@id\":\"https:\\\/\\\/filmtopia.net\\\/es\\\/entrevista-marta-medina\\\/\"},\"author\":{\"name\":\"aleix\",\"@id\":\"https:\\\/\\\/filmtopia.net\\\/es\\\/#\\\/schema\\\/person\\\/94399ec91c54729105f4c2ef406f5e5e\"},\"headline\":\"Dejarse arrebatar\",\"datePublished\":\"2025-11-20T22:03:49+00:00\",\"mainEntityOfPage\":{\"@id\":\"https:\\\/\\\/filmtopia.net\\\/es\\\/entrevista-marta-medina\\\/\"},\"wordCount\":4,\"commentCount\":0,\"publisher\":{\"@id\":\"https:\\\/\\\/filmtopia.net\\\/es\\\/#organization\"},\"image\":{\"@id\":\"https:\\\/\\\/filmtopia.net\\\/es\\\/entrevista-marta-medina\\\/#primaryimage\"},\"thumbnailUrl\":\"https:\\\/\\\/filmtopia.net\\\/wp-content\\\/uploads\\\/2025\\\/11\\\/Portada-Marta-Medina-img_52107.jpg\",\"articleSection\":[\"DIRECTORAS\",\"ENTREVISTA\",\"Marta Medina\",\"PEL\u00cdCULA\"],\"inLanguage\":\"es\",\"potentialAction\":[{\"@type\":\"CommentAction\",\"name\":\"Comment\",\"target\":[\"https:\\\/\\\/filmtopia.net\\\/es\\\/entrevista-marta-medina\\\/#respond\"]}]},{\"@type\":\"WebPage\",\"@id\":\"https:\\\/\\\/filmtopia.net\\\/es\\\/entrevista-marta-medina\\\/\",\"url\":\"https:\\\/\\\/filmtopia.net\\\/es\\\/entrevista-marta-medina\\\/\",\"name\":\"Marta Medina: Dejarse arrebatar &#8211; Filmtopia\",\"isPartOf\":{\"@id\":\"https:\\\/\\\/filmtopia.net\\\/es\\\/#website\"},\"primaryImageOfPage\":{\"@id\":\"https:\\\/\\\/filmtopia.net\\\/es\\\/entrevista-marta-medina\\\/#primaryimage\"},\"image\":{\"@id\":\"https:\\\/\\\/filmtopia.net\\\/es\\\/entrevista-marta-medina\\\/#primaryimage\"},\"thumbnailUrl\":\"https:\\\/\\\/filmtopia.net\\\/wp-content\\\/uploads\\\/2025\\\/11\\\/Portada-Marta-Medina-img_52107.jpg\",\"datePublished\":\"2025-11-20T22:03:49+00:00\",\"description\":\"Marta Medina, y Enrique L\u00f3pez Lavigne, han unido sus fuerzas para hacer un film sobre \u2018Arrebato\u2019, la pel\u00edcula maldita de Iv\u00e1n Zulueta.\",\"breadcrumb\":{\"@id\":\"https:\\\/\\\/filmtopia.net\\\/es\\\/entrevista-marta-medina\\\/#breadcrumb\"},\"inLanguage\":\"es\",\"potentialAction\":[{\"@type\":\"ReadAction\",\"target\":[\"https:\\\/\\\/filmtopia.net\\\/es\\\/entrevista-marta-medina\\\/\"]}]},{\"@type\":\"ImageObject\",\"inLanguage\":\"es\",\"@id\":\"https:\\\/\\\/filmtopia.net\\\/es\\\/entrevista-marta-medina\\\/#primaryimage\",\"url\":\"https:\\\/\\\/filmtopia.net\\\/wp-content\\\/uploads\\\/2025\\\/11\\\/Portada-Marta-Medina-img_52107.jpg\",\"contentUrl\":\"https:\\\/\\\/filmtopia.net\\\/wp-content\\\/uploads\\\/2025\\\/11\\\/Portada-Marta-Medina-img_52107.jpg\",\"width\":750,\"height\":1000},{\"@type\":\"BreadcrumbList\",\"@id\":\"https:\\\/\\\/filmtopia.net\\\/es\\\/entrevista-marta-medina\\\/#breadcrumb\",\"itemListElement\":[{\"@type\":\"ListItem\",\"position\":1,\"name\":\"Inici\",\"item\":\"https:\\\/\\\/filmtopia.net\\\/es\\\/home\\\/\"},{\"@type\":\"ListItem\",\"position\":2,\"name\":\"Marta Medina: Dejarse arrebatar\"}]},{\"@type\":\"WebSite\",\"@id\":\"https:\\\/\\\/filmtopia.net\\\/es\\\/#website\",\"url\":\"https:\\\/\\\/filmtopia.net\\\/es\\\/\",\"name\":\"Filmtopia\",\"description\":\"La primera web especialitzada en cinema fet per dones\",\"publisher\":{\"@id\":\"https:\\\/\\\/filmtopia.net\\\/es\\\/#organization\"},\"potentialAction\":[{\"@type\":\"SearchAction\",\"target\":{\"@type\":\"EntryPoint\",\"urlTemplate\":\"https:\\\/\\\/filmtopia.net\\\/es\\\/?s={search_term_string}\"},\"query-input\":{\"@type\":\"PropertyValueSpecification\",\"valueRequired\":true,\"valueName\":\"search_term_string\"}}],\"inLanguage\":\"es\"},{\"@type\":\"Organization\",\"@id\":\"https:\\\/\\\/filmtopia.net\\\/es\\\/#organization\",\"name\":\"Filmtopia\",\"url\":\"https:\\\/\\\/filmtopia.net\\\/es\\\/\",\"logo\":{\"@type\":\"ImageObject\",\"inLanguage\":\"es\",\"@id\":\"https:\\\/\\\/filmtopia.net\\\/es\\\/#\\\/schema\\\/logo\\\/image\\\/\",\"url\":\"https:\\\/\\\/filmtopia.net\\\/wp-content\\\/uploads\\\/2024\\\/02\\\/cropped-Group-813.png\",\"contentUrl\":\"https:\\\/\\\/filmtopia.net\\\/wp-content\\\/uploads\\\/2024\\\/02\\\/cropped-Group-813.png\",\"width\":512,\"height\":512,\"caption\":\"Filmtopia\"},\"image\":{\"@id\":\"https:\\\/\\\/filmtopia.net\\\/es\\\/#\\\/schema\\\/logo\\\/image\\\/\"},\"sameAs\":[\"https:\\\/\\\/www.facebook.com\\\/people\\\/Filmtopia\\\/\",\"https:\\\/\\\/www.instagram.com\\\/filmtopia_net\\\/\"]},{\"@type\":\"Person\",\"@id\":\"https:\\\/\\\/filmtopia.net\\\/es\\\/#\\\/schema\\\/person\\\/94399ec91c54729105f4c2ef406f5e5e\",\"name\":\"aleix\",\"image\":{\"@type\":\"ImageObject\",\"inLanguage\":\"es\",\"@id\":\"https:\\\/\\\/secure.gravatar.com\\\/avatar\\\/fc23f76ada3c47b3c6b7e70d3e663c6f80d2966815e2566de077c9b383898212?s=96&d=mm&r=g\",\"url\":\"https:\\\/\\\/secure.gravatar.com\\\/avatar\\\/fc23f76ada3c47b3c6b7e70d3e663c6f80d2966815e2566de077c9b383898212?s=96&d=mm&r=g\",\"contentUrl\":\"https:\\\/\\\/secure.gravatar.com\\\/avatar\\\/fc23f76ada3c47b3c6b7e70d3e663c6f80d2966815e2566de077c9b383898212?s=96&d=mm&r=g\",\"caption\":\"aleix\"},\"url\":\"https:\\\/\\\/filmtopia.net\\\/es\\\/author\\\/aleix\\\/\"}]}<\/script>\n<!-- \/ Yoast SEO plugin. -->","yoast_head_json":{"title":"Marta Medina: Dejarse arrebatar &#8211; Filmtopia","description":"Marta Medina, y Enrique L\u00f3pez Lavigne, han unido sus fuerzas para hacer un film sobre \u2018Arrebato\u2019, la pel\u00edcula maldita de Iv\u00e1n Zulueta.","robots":{"index":"index","follow":"follow","max-snippet":"max-snippet:-1","max-image-preview":"max-image-preview:large","max-video-preview":"max-video-preview:-1"},"canonical":"https:\/\/filmtopia.net\/es\/entrevista-marta-medina\/","og_locale":"es_ES","og_type":"article","og_title":"Marta Medina: Dejarse arrebatar","og_description":"Una cr\u00edtica de cine, Marta Medina, y un productor, Enrique L\u00f3pez Lavigne, han unido sus fuerzas para hacer un film sobre \u2018Arrebato\u2019, la pel\u00edcula maldita de Iv\u00e1n Zulueta. \u2018El \u00faltimo arrebato\u2019 se present\u00f3 en el Festival de San Sebasti\u00e1n pocos d\u00edas despu\u00e9s de la muerte de Eusebio Poncela, protagonista de \u2018Arrebato\u2019, por lo que la proyecci\u00f3n se convirti\u00f3 en un emocionado homenaje al actor.","og_url":"https:\/\/filmtopia.net\/es\/entrevista-marta-medina\/","og_site_name":"Filmtopia","article_publisher":"https:\/\/www.facebook.com\/people\/Filmtopia\/","article_published_time":"2025-11-20T22:03:49+00:00","og_image":[{"url":"https:\/\/filmtopia.net\/wp-content\/uploads\/2025\/11\/Marta-Medina-Entrevista-horitzontal-1024x617.jpg","type":"","width":"","height":""}],"author":"aleix","twitter_card":"summary_large_image","twitter_misc":{"Escrito por":"aleix","Tiempo de lectura":"3 minutos"},"schema":{"@context":"https:\/\/schema.org","@graph":[{"@type":"Article","@id":"https:\/\/filmtopia.net\/es\/entrevista-marta-medina\/#article","isPartOf":{"@id":"https:\/\/filmtopia.net\/es\/entrevista-marta-medina\/"},"author":{"name":"aleix","@id":"https:\/\/filmtopia.net\/es\/#\/schema\/person\/94399ec91c54729105f4c2ef406f5e5e"},"headline":"Dejarse arrebatar","datePublished":"2025-11-20T22:03:49+00:00","mainEntityOfPage":{"@id":"https:\/\/filmtopia.net\/es\/entrevista-marta-medina\/"},"wordCount":4,"commentCount":0,"publisher":{"@id":"https:\/\/filmtopia.net\/es\/#organization"},"image":{"@id":"https:\/\/filmtopia.net\/es\/entrevista-marta-medina\/#primaryimage"},"thumbnailUrl":"https:\/\/filmtopia.net\/wp-content\/uploads\/2025\/11\/Portada-Marta-Medina-img_52107.jpg","articleSection":["DIRECTORAS","ENTREVISTA","Marta Medina","PEL\u00cdCULA"],"inLanguage":"es","potentialAction":[{"@type":"CommentAction","name":"Comment","target":["https:\/\/filmtopia.net\/es\/entrevista-marta-medina\/#respond"]}]},{"@type":"WebPage","@id":"https:\/\/filmtopia.net\/es\/entrevista-marta-medina\/","url":"https:\/\/filmtopia.net\/es\/entrevista-marta-medina\/","name":"Marta Medina: Dejarse arrebatar &#8211; Filmtopia","isPartOf":{"@id":"https:\/\/filmtopia.net\/es\/#website"},"primaryImageOfPage":{"@id":"https:\/\/filmtopia.net\/es\/entrevista-marta-medina\/#primaryimage"},"image":{"@id":"https:\/\/filmtopia.net\/es\/entrevista-marta-medina\/#primaryimage"},"thumbnailUrl":"https:\/\/filmtopia.net\/wp-content\/uploads\/2025\/11\/Portada-Marta-Medina-img_52107.jpg","datePublished":"2025-11-20T22:03:49+00:00","description":"Marta Medina, y Enrique L\u00f3pez Lavigne, han unido sus fuerzas para hacer un film sobre \u2018Arrebato\u2019, la pel\u00edcula maldita de Iv\u00e1n Zulueta.","breadcrumb":{"@id":"https:\/\/filmtopia.net\/es\/entrevista-marta-medina\/#breadcrumb"},"inLanguage":"es","potentialAction":[{"@type":"ReadAction","target":["https:\/\/filmtopia.net\/es\/entrevista-marta-medina\/"]}]},{"@type":"ImageObject","inLanguage":"es","@id":"https:\/\/filmtopia.net\/es\/entrevista-marta-medina\/#primaryimage","url":"https:\/\/filmtopia.net\/wp-content\/uploads\/2025\/11\/Portada-Marta-Medina-img_52107.jpg","contentUrl":"https:\/\/filmtopia.net\/wp-content\/uploads\/2025\/11\/Portada-Marta-Medina-img_52107.jpg","width":750,"height":1000},{"@type":"BreadcrumbList","@id":"https:\/\/filmtopia.net\/es\/entrevista-marta-medina\/#breadcrumb","itemListElement":[{"@type":"ListItem","position":1,"name":"Inici","item":"https:\/\/filmtopia.net\/es\/home\/"},{"@type":"ListItem","position":2,"name":"Marta Medina: Dejarse arrebatar"}]},{"@type":"WebSite","@id":"https:\/\/filmtopia.net\/es\/#website","url":"https:\/\/filmtopia.net\/es\/","name":"Filmtopia","description":"La primera web especialitzada en cinema fet per dones","publisher":{"@id":"https:\/\/filmtopia.net\/es\/#organization"},"potentialAction":[{"@type":"SearchAction","target":{"@type":"EntryPoint","urlTemplate":"https:\/\/filmtopia.net\/es\/?s={search_term_string}"},"query-input":{"@type":"PropertyValueSpecification","valueRequired":true,"valueName":"search_term_string"}}],"inLanguage":"es"},{"@type":"Organization","@id":"https:\/\/filmtopia.net\/es\/#organization","name":"Filmtopia","url":"https:\/\/filmtopia.net\/es\/","logo":{"@type":"ImageObject","inLanguage":"es","@id":"https:\/\/filmtopia.net\/es\/#\/schema\/logo\/image\/","url":"https:\/\/filmtopia.net\/wp-content\/uploads\/2024\/02\/cropped-Group-813.png","contentUrl":"https:\/\/filmtopia.net\/wp-content\/uploads\/2024\/02\/cropped-Group-813.png","width":512,"height":512,"caption":"Filmtopia"},"image":{"@id":"https:\/\/filmtopia.net\/es\/#\/schema\/logo\/image\/"},"sameAs":["https:\/\/www.facebook.com\/people\/Filmtopia\/","https:\/\/www.instagram.com\/filmtopia_net\/"]},{"@type":"Person","@id":"https:\/\/filmtopia.net\/es\/#\/schema\/person\/94399ec91c54729105f4c2ef406f5e5e","name":"aleix","image":{"@type":"ImageObject","inLanguage":"es","@id":"https:\/\/secure.gravatar.com\/avatar\/fc23f76ada3c47b3c6b7e70d3e663c6f80d2966815e2566de077c9b383898212?s=96&d=mm&r=g","url":"https:\/\/secure.gravatar.com\/avatar\/fc23f76ada3c47b3c6b7e70d3e663c6f80d2966815e2566de077c9b383898212?s=96&d=mm&r=g","contentUrl":"https:\/\/secure.gravatar.com\/avatar\/fc23f76ada3c47b3c6b7e70d3e663c6f80d2966815e2566de077c9b383898212?s=96&d=mm&r=g","caption":"aleix"},"url":"https:\/\/filmtopia.net\/es\/author\/aleix\/"}]}},"views":0,"_links":{"self":[{"href":"https:\/\/filmtopia.net\/es\/wp-json\/wp\/v2\/posts\/20427","targetHints":{"allow":["GET"]}}],"collection":[{"href":"https:\/\/filmtopia.net\/es\/wp-json\/wp\/v2\/posts"}],"about":[{"href":"https:\/\/filmtopia.net\/es\/wp-json\/wp\/v2\/types\/post"}],"author":[{"embeddable":true,"href":"https:\/\/filmtopia.net\/es\/wp-json\/wp\/v2\/users\/6"}],"replies":[{"embeddable":true,"href":"https:\/\/filmtopia.net\/es\/wp-json\/wp\/v2\/comments?post=20427"}],"version-history":[{"count":2,"href":"https:\/\/filmtopia.net\/es\/wp-json\/wp\/v2\/posts\/20427\/revisions"}],"predecessor-version":[{"id":20497,"href":"https:\/\/filmtopia.net\/es\/wp-json\/wp\/v2\/posts\/20427\/revisions\/20497"}],"wp:featuredmedia":[{"embeddable":true,"href":"https:\/\/filmtopia.net\/es\/wp-json\/wp\/v2\/media\/20425"}],"wp:attachment":[{"href":"https:\/\/filmtopia.net\/es\/wp-json\/wp\/v2\/media?parent=20427"}],"wp:term":[{"taxonomy":"category","embeddable":true,"href":"https:\/\/filmtopia.net\/es\/wp-json\/wp\/v2\/categories?post=20427"},{"taxonomy":"autor","embeddable":true,"href":"https:\/\/filmtopia.net\/es\/wp-json\/wp\/v2\/autor?post=20427"},{"taxonomy":"credit","embeddable":true,"href":"https:\/\/filmtopia.net\/es\/wp-json\/wp\/v2\/credit?post=20427"},{"taxonomy":"festivals","embeddable":true,"href":"https:\/\/filmtopia.net\/es\/wp-json\/wp\/v2\/festivals?post=20427"},{"taxonomy":"film-year","embeddable":true,"href":"https:\/\/filmtopia.net\/es\/wp-json\/wp\/v2\/film-year?post=20427"},{"taxonomy":"seccions","embeddable":true,"href":"https:\/\/filmtopia.net\/es\/wp-json\/wp\/v2\/seccions?post=20427"},{"taxonomy":"temps","embeddable":true,"href":"https:\/\/filmtopia.net\/es\/wp-json\/wp\/v2\/temps?post=20427"},{"taxonomy":"top","embeddable":true,"href":"https:\/\/filmtopia.net\/es\/wp-json\/wp\/v2\/top?post=20427"}],"curies":[{"name":"wp","href":"https:\/\/api.w.org\/{rel}","templated":true}]}}