{"id":22934,"date":"2026-03-12T22:08:34","date_gmt":"2026-03-12T22:08:34","guid":{"rendered":"https:\/\/filmtopia.net\/?p=22934"},"modified":"2026-03-12T22:08:34","modified_gmt":"2026-03-12T22:08:34","slug":"critica-la-hija-pequena","status":"publish","type":"post","link":"https:\/\/filmtopia.net\/es\/critica-la-hija-pequena\/","title":{"rendered":"La hija peque\u00f1a: I\u2019m on the outside (looking in)"},"content":{"rendered":"","protected":false},"excerpt":{"rendered":"","protected":false},"author":6,"featured_media":22929,"comment_status":"open","ping_status":"open","sticky":false,"template":"","format":"standard","meta":{"_acf_changed":false,"_relevanssi_hide_post":"","_relevanssi_hide_content":"","_relevanssi_pin_for_all":"","_relevanssi_pin_keywords":"","_relevanssi_unpin_keywords":"","_relevanssi_related_keywords":"","_relevanssi_related_include_ids":"","_relevanssi_related_exclude_ids":"","_relevanssi_related_no_append":"","_relevanssi_related_not_related":"","_relevanssi_related_posts":"","_relevanssi_noindex_reason":"","footnotes":""},"categories":[178,170,2347,1938,344,475,179],"autor":[450],"credit":[463],"festivals":[],"film-year":[],"seccions":[88],"temps":[89],"top":[],"class_list":["post-22934","post","type-post","status-publish","format-standard","has-post-thumbnail","hentry","category-critica-es","category-directoras","category-drama","category-hafsia-herzi","category-lesbianismo","category-lgtbiq-es","category-pelicula","autor-elena-del-olmo-es","credit-critica-es","seccions-films-es","temps-presente"],"acf":[],"yoast_head":"<!-- This site is optimized with the Yoast SEO plugin v27.4 - https:\/\/yoast.com\/product\/yoast-seo-wordpress\/ -->\n<title>Critica: La hija peque\u00f1a: I\u2019m on the outside (looking in) &#8211; Filmtopia<\/title>\n<meta name=\"description\" content=\"Mejor interpretaci\u00f3n femenina por encarnar a F\u00e1tima, una joven lesbiana y musulmana en una encrucijada vital por el despertar de su deseo.\" \/>\n<meta name=\"robots\" content=\"index, follow, max-snippet:-1, max-image-preview:large, max-video-preview:-1\" \/>\n<link rel=\"canonical\" href=\"https:\/\/filmtopia.net\/es\/critica-la-hija-pequena\/\" \/>\n<meta property=\"og:locale\" content=\"es_ES\" \/>\n<meta property=\"og:type\" content=\"article\" \/>\n<meta property=\"og:title\" content=\"Critica: La hija peque\u00f1a: I\u2019m on the outside (looking in)\" \/>\n<meta property=\"og:description\" content=\"La adaptaci\u00f3n cinematogr\u00e1fica de la novela \u201cLa hija peque\u00f1a\u201d, publicada en 2020 y escrita por la novelista francesa, musulmana y lesbiana conocido bajo el seud\u00f3nimo Fatima Daas, fue seleccionada en la Secci\u00f3n Oficial de la 78.\u00ba edici\u00f3n del Festival de Cannes. Esta autoficci\u00f3n llevada a la gran pantalla por la cineasta y actriz Hafsia Herzi le vali\u00f3 a la debutante Nadia Melliti el premio a la mejor interpretaci\u00f3n femenina del certamen por encarnar a F\u00e1tima, una joven lesbiana y musulmana en una encrucijada vital por el despertar de su deseo.\" \/>\n<meta property=\"og:url\" content=\"https:\/\/filmtopia.net\/es\/critica-la-hija-pequena\/\" \/>\n<meta property=\"og:site_name\" content=\"Filmtopia\" \/>\n<meta property=\"article:publisher\" content=\"https:\/\/www.facebook.com\/people\/Filmtopia\/\" \/>\n<meta property=\"article:published_time\" content=\"2026-03-12T22:08:34+00:00\" \/>\n<meta property=\"og:image\" content=\"https:\/\/filmtopia.net\/wp-content\/uploads\/2026\/03\/Poster-La-hija-pequena-200x300.jpg\" \/>\n<meta name=\"author\" content=\"aleix\" \/>\n<meta name=\"twitter:card\" content=\"summary_large_image\" \/>\n<meta name=\"twitter:label1\" content=\"Escrito por\" \/>\n\t<meta name=\"twitter:data1\" content=\"aleix\" \/>\n\t<meta name=\"twitter:label2\" content=\"Tiempo de lectura\" \/>\n\t<meta name=\"twitter:data2\" content=\"9 minutos\" \/>\n<script type=\"application\/ld+json\" class=\"yoast-schema-graph\">{\"@context\":\"https:\\\/\\\/schema.org\",\"@graph\":[{\"@type\":\"Article\",\"@id\":\"https:\\\/\\\/filmtopia.net\\\/es\\\/critica-la-hija-pequena\\\/#article\",\"isPartOf\":{\"@id\":\"https:\\\/\\\/filmtopia.net\\\/es\\\/critica-la-hija-pequena\\\/\"},\"author\":{\"name\":\"aleix\",\"@id\":\"https:\\\/\\\/filmtopia.net\\\/es\\\/#\\\/schema\\\/person\\\/94399ec91c54729105f4c2ef406f5e5e\"},\"headline\":\"La hija peque\u00f1a: I\u2019m on the outside (looking in)\",\"datePublished\":\"2026-03-12T22:08:34+00:00\",\"mainEntityOfPage\":{\"@id\":\"https:\\\/\\\/filmtopia.net\\\/es\\\/critica-la-hija-pequena\\\/\"},\"wordCount\":12,\"commentCount\":0,\"publisher\":{\"@id\":\"https:\\\/\\\/filmtopia.net\\\/es\\\/#organization\"},\"image\":{\"@id\":\"https:\\\/\\\/filmtopia.net\\\/es\\\/critica-la-hija-pequena\\\/#primaryimage\"},\"thumbnailUrl\":\"https:\\\/\\\/filmtopia.net\\\/wp-content\\\/uploads\\\/2026\\\/03\\\/Poster-La-hija-pequena.jpg\",\"articleSection\":[\"CR\u00cdTICA\",\"DIRECTORAS\",\"Drama\",\"Hafsia Herzi\",\"LESBIANISMO\",\"LGTBIQ+\",\"PEL\u00cdCULA\"],\"inLanguage\":\"es\",\"potentialAction\":[{\"@type\":\"CommentAction\",\"name\":\"Comment\",\"target\":[\"https:\\\/\\\/filmtopia.net\\\/es\\\/critica-la-hija-pequena\\\/#respond\"]}]},{\"@type\":\"WebPage\",\"@id\":\"https:\\\/\\\/filmtopia.net\\\/es\\\/critica-la-hija-pequena\\\/\",\"url\":\"https:\\\/\\\/filmtopia.net\\\/es\\\/critica-la-hija-pequena\\\/\",\"name\":\"Critica: La hija peque\u00f1a: I\u2019m on the outside (looking in) &#8211; Filmtopia\",\"isPartOf\":{\"@id\":\"https:\\\/\\\/filmtopia.net\\\/es\\\/#website\"},\"primaryImageOfPage\":{\"@id\":\"https:\\\/\\\/filmtopia.net\\\/es\\\/critica-la-hija-pequena\\\/#primaryimage\"},\"image\":{\"@id\":\"https:\\\/\\\/filmtopia.net\\\/es\\\/critica-la-hija-pequena\\\/#primaryimage\"},\"thumbnailUrl\":\"https:\\\/\\\/filmtopia.net\\\/wp-content\\\/uploads\\\/2026\\\/03\\\/Poster-La-hija-pequena.jpg\",\"datePublished\":\"2026-03-12T22:08:34+00:00\",\"description\":\"Mejor interpretaci\u00f3n femenina por encarnar a F\u00e1tima, una joven lesbiana y musulmana en una encrucijada vital por el despertar de su deseo.\",\"breadcrumb\":{\"@id\":\"https:\\\/\\\/filmtopia.net\\\/es\\\/critica-la-hija-pequena\\\/#breadcrumb\"},\"inLanguage\":\"es\",\"potentialAction\":[{\"@type\":\"ReadAction\",\"target\":[\"https:\\\/\\\/filmtopia.net\\\/es\\\/critica-la-hija-pequena\\\/\"]}]},{\"@type\":\"ImageObject\",\"inLanguage\":\"es\",\"@id\":\"https:\\\/\\\/filmtopia.net\\\/es\\\/critica-la-hija-pequena\\\/#primaryimage\",\"url\":\"https:\\\/\\\/filmtopia.net\\\/wp-content\\\/uploads\\\/2026\\\/03\\\/Poster-La-hija-pequena.jpg\",\"contentUrl\":\"https:\\\/\\\/filmtopia.net\\\/wp-content\\\/uploads\\\/2026\\\/03\\\/Poster-La-hija-pequena.jpg\",\"width\":1333,\"height\":2000},{\"@type\":\"BreadcrumbList\",\"@id\":\"https:\\\/\\\/filmtopia.net\\\/es\\\/critica-la-hija-pequena\\\/#breadcrumb\",\"itemListElement\":[{\"@type\":\"ListItem\",\"position\":1,\"name\":\"Inici\",\"item\":\"https:\\\/\\\/filmtopia.net\\\/es\\\/home\\\/\"},{\"@type\":\"ListItem\",\"position\":2,\"name\":\"Critica: La hija peque\u00f1a: I\u2019m on the outside (looking in)\"}]},{\"@type\":\"WebSite\",\"@id\":\"https:\\\/\\\/filmtopia.net\\\/es\\\/#website\",\"url\":\"https:\\\/\\\/filmtopia.net\\\/es\\\/\",\"name\":\"Filmtopia\",\"description\":\"La primera web especialitzada en cinema fet per dones\",\"publisher\":{\"@id\":\"https:\\\/\\\/filmtopia.net\\\/es\\\/#organization\"},\"potentialAction\":[{\"@type\":\"SearchAction\",\"target\":{\"@type\":\"EntryPoint\",\"urlTemplate\":\"https:\\\/\\\/filmtopia.net\\\/es\\\/?s={search_term_string}\"},\"query-input\":{\"@type\":\"PropertyValueSpecification\",\"valueRequired\":true,\"valueName\":\"search_term_string\"}}],\"inLanguage\":\"es\"},{\"@type\":\"Organization\",\"@id\":\"https:\\\/\\\/filmtopia.net\\\/es\\\/#organization\",\"name\":\"Filmtopia\",\"url\":\"https:\\\/\\\/filmtopia.net\\\/es\\\/\",\"logo\":{\"@type\":\"ImageObject\",\"inLanguage\":\"es\",\"@id\":\"https:\\\/\\\/filmtopia.net\\\/es\\\/#\\\/schema\\\/logo\\\/image\\\/\",\"url\":\"https:\\\/\\\/filmtopia.net\\\/wp-content\\\/uploads\\\/2024\\\/02\\\/cropped-Group-813.png\",\"contentUrl\":\"https:\\\/\\\/filmtopia.net\\\/wp-content\\\/uploads\\\/2024\\\/02\\\/cropped-Group-813.png\",\"width\":512,\"height\":512,\"caption\":\"Filmtopia\"},\"image\":{\"@id\":\"https:\\\/\\\/filmtopia.net\\\/es\\\/#\\\/schema\\\/logo\\\/image\\\/\"},\"sameAs\":[\"https:\\\/\\\/www.facebook.com\\\/people\\\/Filmtopia\\\/\",\"https:\\\/\\\/www.instagram.com\\\/filmtopia_net\\\/\"]},{\"@type\":\"Person\",\"@id\":\"https:\\\/\\\/filmtopia.net\\\/es\\\/#\\\/schema\\\/person\\\/94399ec91c54729105f4c2ef406f5e5e\",\"name\":\"aleix\",\"image\":{\"@type\":\"ImageObject\",\"inLanguage\":\"es\",\"@id\":\"https:\\\/\\\/secure.gravatar.com\\\/avatar\\\/fc23f76ada3c47b3c6b7e70d3e663c6f80d2966815e2566de077c9b383898212?s=96&d=mm&r=g\",\"url\":\"https:\\\/\\\/secure.gravatar.com\\\/avatar\\\/fc23f76ada3c47b3c6b7e70d3e663c6f80d2966815e2566de077c9b383898212?s=96&d=mm&r=g\",\"contentUrl\":\"https:\\\/\\\/secure.gravatar.com\\\/avatar\\\/fc23f76ada3c47b3c6b7e70d3e663c6f80d2966815e2566de077c9b383898212?s=96&d=mm&r=g\",\"caption\":\"aleix\"},\"url\":\"https:\\\/\\\/filmtopia.net\\\/es\\\/author\\\/aleix\\\/\"}]}<\/script>\n<!-- \/ Yoast SEO plugin. -->","yoast_head_json":{"title":"Critica: La hija peque\u00f1a: I\u2019m on the outside (looking in) &#8211; Filmtopia","description":"Mejor interpretaci\u00f3n femenina por encarnar a F\u00e1tima, una joven lesbiana y musulmana en una encrucijada vital por el despertar de su deseo.","robots":{"index":"index","follow":"follow","max-snippet":"max-snippet:-1","max-image-preview":"max-image-preview:large","max-video-preview":"max-video-preview:-1"},"canonical":"https:\/\/filmtopia.net\/es\/critica-la-hija-pequena\/","og_locale":"es_ES","og_type":"article","og_title":"Critica: La hija peque\u00f1a: I\u2019m on the outside (looking in)","og_description":"La adaptaci\u00f3n cinematogr\u00e1fica de la novela \u201cLa hija peque\u00f1a\u201d, publicada en 2020 y escrita por la novelista francesa, musulmana y lesbiana conocido bajo el seud\u00f3nimo Fatima Daas, fue seleccionada en la Secci\u00f3n Oficial de la 78.\u00ba edici\u00f3n del Festival de Cannes. Esta autoficci\u00f3n llevada a la gran pantalla por la cineasta y actriz Hafsia Herzi le vali\u00f3 a la debutante Nadia Melliti el premio a la mejor interpretaci\u00f3n femenina del certamen por encarnar a F\u00e1tima, una joven lesbiana y musulmana en una encrucijada vital por el despertar de su deseo.","og_url":"https:\/\/filmtopia.net\/es\/critica-la-hija-pequena\/","og_site_name":"Filmtopia","article_publisher":"https:\/\/www.facebook.com\/people\/Filmtopia\/","article_published_time":"2026-03-12T22:08:34+00:00","og_image":[{"url":"https:\/\/filmtopia.net\/wp-content\/uploads\/2026\/03\/Poster-La-hija-pequena-200x300.jpg","type":"","width":"","height":""}],"author":"aleix","twitter_card":"summary_large_image","twitter_misc":{"Escrito por":"aleix","Tiempo de lectura":"9 minutos"},"schema":{"@context":"https:\/\/schema.org","@graph":[{"@type":"Article","@id":"https:\/\/filmtopia.net\/es\/critica-la-hija-pequena\/#article","isPartOf":{"@id":"https:\/\/filmtopia.net\/es\/critica-la-hija-pequena\/"},"author":{"name":"aleix","@id":"https:\/\/filmtopia.net\/es\/#\/schema\/person\/94399ec91c54729105f4c2ef406f5e5e"},"headline":"La hija peque\u00f1a: I\u2019m on the outside (looking in)","datePublished":"2026-03-12T22:08:34+00:00","mainEntityOfPage":{"@id":"https:\/\/filmtopia.net\/es\/critica-la-hija-pequena\/"},"wordCount":12,"commentCount":0,"publisher":{"@id":"https:\/\/filmtopia.net\/es\/#organization"},"image":{"@id":"https:\/\/filmtopia.net\/es\/critica-la-hija-pequena\/#primaryimage"},"thumbnailUrl":"https:\/\/filmtopia.net\/wp-content\/uploads\/2026\/03\/Poster-La-hija-pequena.jpg","articleSection":["CR\u00cdTICA","DIRECTORAS","Drama","Hafsia Herzi","LESBIANISMO","LGTBIQ+","PEL\u00cdCULA"],"inLanguage":"es","potentialAction":[{"@type":"CommentAction","name":"Comment","target":["https:\/\/filmtopia.net\/es\/critica-la-hija-pequena\/#respond"]}]},{"@type":"WebPage","@id":"https:\/\/filmtopia.net\/es\/critica-la-hija-pequena\/","url":"https:\/\/filmtopia.net\/es\/critica-la-hija-pequena\/","name":"Critica: La hija peque\u00f1a: I\u2019m on the outside (looking in) &#8211; Filmtopia","isPartOf":{"@id":"https:\/\/filmtopia.net\/es\/#website"},"primaryImageOfPage":{"@id":"https:\/\/filmtopia.net\/es\/critica-la-hija-pequena\/#primaryimage"},"image":{"@id":"https:\/\/filmtopia.net\/es\/critica-la-hija-pequena\/#primaryimage"},"thumbnailUrl":"https:\/\/filmtopia.net\/wp-content\/uploads\/2026\/03\/Poster-La-hija-pequena.jpg","datePublished":"2026-03-12T22:08:34+00:00","description":"Mejor interpretaci\u00f3n femenina por encarnar a F\u00e1tima, una joven lesbiana y musulmana en una encrucijada vital por el despertar de su deseo.","breadcrumb":{"@id":"https:\/\/filmtopia.net\/es\/critica-la-hija-pequena\/#breadcrumb"},"inLanguage":"es","potentialAction":[{"@type":"ReadAction","target":["https:\/\/filmtopia.net\/es\/critica-la-hija-pequena\/"]}]},{"@type":"ImageObject","inLanguage":"es","@id":"https:\/\/filmtopia.net\/es\/critica-la-hija-pequena\/#primaryimage","url":"https:\/\/filmtopia.net\/wp-content\/uploads\/2026\/03\/Poster-La-hija-pequena.jpg","contentUrl":"https:\/\/filmtopia.net\/wp-content\/uploads\/2026\/03\/Poster-La-hija-pequena.jpg","width":1333,"height":2000},{"@type":"BreadcrumbList","@id":"https:\/\/filmtopia.net\/es\/critica-la-hija-pequena\/#breadcrumb","itemListElement":[{"@type":"ListItem","position":1,"name":"Inici","item":"https:\/\/filmtopia.net\/es\/home\/"},{"@type":"ListItem","position":2,"name":"Critica: La hija peque\u00f1a: I\u2019m on the outside (looking in)"}]},{"@type":"WebSite","@id":"https:\/\/filmtopia.net\/es\/#website","url":"https:\/\/filmtopia.net\/es\/","name":"Filmtopia","description":"La primera web especialitzada en cinema fet per dones","publisher":{"@id":"https:\/\/filmtopia.net\/es\/#organization"},"potentialAction":[{"@type":"SearchAction","target":{"@type":"EntryPoint","urlTemplate":"https:\/\/filmtopia.net\/es\/?s={search_term_string}"},"query-input":{"@type":"PropertyValueSpecification","valueRequired":true,"valueName":"search_term_string"}}],"inLanguage":"es"},{"@type":"Organization","@id":"https:\/\/filmtopia.net\/es\/#organization","name":"Filmtopia","url":"https:\/\/filmtopia.net\/es\/","logo":{"@type":"ImageObject","inLanguage":"es","@id":"https:\/\/filmtopia.net\/es\/#\/schema\/logo\/image\/","url":"https:\/\/filmtopia.net\/wp-content\/uploads\/2024\/02\/cropped-Group-813.png","contentUrl":"https:\/\/filmtopia.net\/wp-content\/uploads\/2024\/02\/cropped-Group-813.png","width":512,"height":512,"caption":"Filmtopia"},"image":{"@id":"https:\/\/filmtopia.net\/es\/#\/schema\/logo\/image\/"},"sameAs":["https:\/\/www.facebook.com\/people\/Filmtopia\/","https:\/\/www.instagram.com\/filmtopia_net\/"]},{"@type":"Person","@id":"https:\/\/filmtopia.net\/es\/#\/schema\/person\/94399ec91c54729105f4c2ef406f5e5e","name":"aleix","image":{"@type":"ImageObject","inLanguage":"es","@id":"https:\/\/secure.gravatar.com\/avatar\/fc23f76ada3c47b3c6b7e70d3e663c6f80d2966815e2566de077c9b383898212?s=96&d=mm&r=g","url":"https:\/\/secure.gravatar.com\/avatar\/fc23f76ada3c47b3c6b7e70d3e663c6f80d2966815e2566de077c9b383898212?s=96&d=mm&r=g","contentUrl":"https:\/\/secure.gravatar.com\/avatar\/fc23f76ada3c47b3c6b7e70d3e663c6f80d2966815e2566de077c9b383898212?s=96&d=mm&r=g","caption":"aleix"},"url":"https:\/\/filmtopia.net\/es\/author\/aleix\/"}]}},"views":3,"_links":{"self":[{"href":"https:\/\/filmtopia.net\/es\/wp-json\/wp\/v2\/posts\/22934","targetHints":{"allow":["GET"]}}],"collection":[{"href":"https:\/\/filmtopia.net\/es\/wp-json\/wp\/v2\/posts"}],"about":[{"href":"https:\/\/filmtopia.net\/es\/wp-json\/wp\/v2\/types\/post"}],"author":[{"embeddable":true,"href":"https:\/\/filmtopia.net\/es\/wp-json\/wp\/v2\/users\/6"}],"replies":[{"embeddable":true,"href":"https:\/\/filmtopia.net\/es\/wp-json\/wp\/v2\/comments?post=22934"}],"version-history":[{"count":1,"href":"https:\/\/filmtopia.net\/es\/wp-json\/wp\/v2\/posts\/22934\/revisions"}],"predecessor-version":[{"id":22935,"href":"https:\/\/filmtopia.net\/es\/wp-json\/wp\/v2\/posts\/22934\/revisions\/22935"}],"wp:featuredmedia":[{"embeddable":true,"href":"https:\/\/filmtopia.net\/es\/wp-json\/wp\/v2\/media\/22929"}],"wp:attachment":[{"href":"https:\/\/filmtopia.net\/es\/wp-json\/wp\/v2\/media?parent=22934"}],"wp:term":[{"taxonomy":"category","embeddable":true,"href":"https:\/\/filmtopia.net\/es\/wp-json\/wp\/v2\/categories?post=22934"},{"taxonomy":"autor","embeddable":true,"href":"https:\/\/filmtopia.net\/es\/wp-json\/wp\/v2\/autor?post=22934"},{"taxonomy":"credit","embeddable":true,"href":"https:\/\/filmtopia.net\/es\/wp-json\/wp\/v2\/credit?post=22934"},{"taxonomy":"festivals","embeddable":true,"href":"https:\/\/filmtopia.net\/es\/wp-json\/wp\/v2\/festivals?post=22934"},{"taxonomy":"film-year","embeddable":true,"href":"https:\/\/filmtopia.net\/es\/wp-json\/wp\/v2\/film-year?post=22934"},{"taxonomy":"seccions","embeddable":true,"href":"https:\/\/filmtopia.net\/es\/wp-json\/wp\/v2\/seccions?post=22934"},{"taxonomy":"temps","embeddable":true,"href":"https:\/\/filmtopia.net\/es\/wp-json\/wp\/v2\/temps?post=22934"},{"taxonomy":"top","embeddable":true,"href":"https:\/\/filmtopia.net\/es\/wp-json\/wp\/v2\/top?post=22934"}],"curies":[{"name":"wp","href":"https:\/\/api.w.org\/{rel}","templated":true}]}}