{"id":26598,"date":"2026-09-03T19:56:14","date_gmt":"2026-09-03T19:56:14","guid":{"rendered":"https:\/\/filmtopia.net\/?p=26598"},"modified":"2026-09-03T19:56:14","modified_gmt":"2026-09-03T19:56:14","slug":"libro-el-cuerpo-nazi","status":"publish","type":"post","link":"https:\/\/filmtopia.net\/es\/libro-el-cuerpo-nazi\/","title":{"rendered":"Anatom\u00eda del mito ario y su propaganda"},"content":{"rendered":"","protected":false},"excerpt":{"rendered":"","protected":false},"author":6,"featured_media":26593,"comment_status":"open","ping_status":"open","sticky":false,"template":"","format":"standard","meta":{"_acf_changed":false,"_relevanssi_hide_post":"","_relevanssi_hide_content":"","_relevanssi_pin_for_all":"","_relevanssi_pin_keywords":"","_relevanssi_unpin_keywords":"","_relevanssi_related_keywords":"","_relevanssi_related_include_ids":"","_relevanssi_related_exclude_ids":"","_relevanssi_related_no_append":"","_relevanssi_related_not_related":"","_relevanssi_related_posts":"","_relevanssi_noindex_reason":"","footnotes":""},"categories":[3244,476,3243],"autor":[3091],"credit":[3245],"festivals":[],"film-year":[],"seccions":[107],"temps":[89],"top":[],"class_list":["post-26598","post","type-post","status-publish","format-standard","has-post-thumbnail","hentry","category-leni-riefenstahl","category-libros","category-nayra-sanz-fuentes","autor-estrella-millan-sanjuan","credit-el-cuerpo-nazi-el-cuerpo-contenido","seccions-libros","temps-presente"],"acf":[],"yoast_head":"<!-- This site is optimized with the Yoast SEO plugin v28.4 - https:\/\/yoast.com\/product\/yoast-seo-wordpress\/ -->\n<title>El cuerpo nazi. El cuerpo contenido: Anatom\u00eda del mito ario y su propaganda | Filmtopia<\/title>\n<meta name=\"description\" content=\"La cineasta, escritora y productora independiente Nayra Sanz Fuentes analiza c\u00f3mo la llegada del nacionalsocialismo alem\u00e1n molde\u00f3 el cuerpo\" \/>\n<meta name=\"robots\" content=\"index, follow, max-snippet:-1, max-image-preview:large, max-video-preview:-1\" \/>\n<link rel=\"canonical\" href=\"https:\/\/filmtopia.net\/es\/libro-el-cuerpo-nazi\/\" \/>\n<meta property=\"og:locale\" content=\"es_ES\" \/>\n<meta property=\"og:type\" content=\"article\" \/>\n<meta property=\"og:title\" content=\"El cuerpo nazi. El cuerpo contenido: Anatom\u00eda del mito ario y su propaganda\" \/>\n<meta property=\"og:description\" content=\"La cineasta, escritora y productora independiente Nayra Sanz Fuentes analiza c\u00f3mo la llegada del nacionalsocialismo alem\u00e1n utiliz\u00f3 y molde\u00f3 el cuerpo individual y colectivo para convertirlo en un \u2018Cuerpo-Estado\u2019 adoctrinado y dirigido hacia ideales nazis con el mito ario y su destino \u00fanico como principales pilares. La imagen constituir\u00eda el medio fundamental de difusi\u00f3n de su ideolog\u00eda, en el que el cine sobresali\u00f3 como el veh\u00edculo pol\u00edtico m\u00e1s propagand\u00edstico. Y tras \u00e9l, la figura de Leni Riefenstahl, siendo su m\u00e1s leal art\u00edfice.\" \/>\n<meta property=\"og:url\" content=\"https:\/\/filmtopia.net\/es\/libro-el-cuerpo-nazi\/\" \/>\n<meta property=\"og:site_name\" content=\"Filmtopia\" \/>\n<meta property=\"article:publisher\" content=\"https:\/\/www.facebook.com\/people\/Filmtopia\/\" \/>\n<meta property=\"article:published_time\" content=\"2026-09-03T19:56:14+00:00\" \/>\n<meta property=\"og:image\" content=\"https:\/\/filmtopia.net\/wp-content\/uploads\/2026\/09\/Portada-llibre-El-cuerpo-nazi-189x300.jpg\" \/>\n<meta name=\"author\" content=\"aleix\" \/>\n<meta name=\"twitter:card\" content=\"summary_large_image\" \/>\n<meta name=\"twitter:label1\" content=\"Escrito por\" \/>\n\t<meta name=\"twitter:data1\" content=\"aleix\" \/>\n\t<meta name=\"twitter:label2\" content=\"Tiempo de lectura\" \/>\n\t<meta name=\"twitter:data2\" content=\"17 minutos\" \/>\n<script type=\"application\/ld+json\" class=\"yoast-schema-graph\">{\"@context\":\"https:\\\/\\\/schema.org\",\"@graph\":[{\"@type\":\"Article\",\"@id\":\"https:\\\/\\\/filmtopia.net\\\/es\\\/libro-el-cuerpo-nazi\\\/#article\",\"isPartOf\":{\"@id\":\"https:\\\/\\\/filmtopia.net\\\/es\\\/libro-el-cuerpo-nazi\\\/\"},\"author\":{\"name\":\"aleix\",\"@id\":\"https:\\\/\\\/filmtopia.net\\\/es\\\/#\\\/schema\\\/person\\\/94399ec91c54729105f4c2ef406f5e5e\"},\"headline\":\"Anatom\u00eda del mito ario y su propaganda\",\"datePublished\":\"2026-09-03T19:56:14+00:00\",\"mainEntityOfPage\":{\"@id\":\"https:\\\/\\\/filmtopia.net\\\/es\\\/libro-el-cuerpo-nazi\\\/\"},\"wordCount\":14,\"commentCount\":0,\"publisher\":{\"@id\":\"https:\\\/\\\/filmtopia.net\\\/es\\\/#organization\"},\"image\":{\"@id\":\"https:\\\/\\\/filmtopia.net\\\/es\\\/libro-el-cuerpo-nazi\\\/#primaryimage\"},\"thumbnailUrl\":\"https:\\\/\\\/filmtopia.net\\\/wp-content\\\/uploads\\\/2026\\\/09\\\/Portada-llibre-El-cuerpo-nazi.jpg\",\"articleSection\":[\"Leni Riefenstahl\",\"LIBROS\",\"Nayra Sanz Fuentes\"],\"inLanguage\":\"es\",\"potentialAction\":[{\"@type\":\"CommentAction\",\"name\":\"Comment\",\"target\":[\"https:\\\/\\\/filmtopia.net\\\/es\\\/libro-el-cuerpo-nazi\\\/#respond\"]}]},{\"@type\":\"WebPage\",\"@id\":\"https:\\\/\\\/filmtopia.net\\\/es\\\/libro-el-cuerpo-nazi\\\/\",\"url\":\"https:\\\/\\\/filmtopia.net\\\/es\\\/libro-el-cuerpo-nazi\\\/\",\"name\":\"El cuerpo nazi. El cuerpo contenido: Anatom\u00eda del mito ario y su propaganda | Filmtopia\",\"isPartOf\":{\"@id\":\"https:\\\/\\\/filmtopia.net\\\/es\\\/#website\"},\"primaryImageOfPage\":{\"@id\":\"https:\\\/\\\/filmtopia.net\\\/es\\\/libro-el-cuerpo-nazi\\\/#primaryimage\"},\"image\":{\"@id\":\"https:\\\/\\\/filmtopia.net\\\/es\\\/libro-el-cuerpo-nazi\\\/#primaryimage\"},\"thumbnailUrl\":\"https:\\\/\\\/filmtopia.net\\\/wp-content\\\/uploads\\\/2026\\\/09\\\/Portada-llibre-El-cuerpo-nazi.jpg\",\"datePublished\":\"2026-09-03T19:56:14+00:00\",\"description\":\"La cineasta, escritora y productora independiente Nayra Sanz Fuentes analiza c\u00f3mo la llegada del nacionalsocialismo alem\u00e1n molde\u00f3 el cuerpo\",\"breadcrumb\":{\"@id\":\"https:\\\/\\\/filmtopia.net\\\/es\\\/libro-el-cuerpo-nazi\\\/#breadcrumb\"},\"inLanguage\":\"es\",\"potentialAction\":[{\"@type\":\"ReadAction\",\"target\":[\"https:\\\/\\\/filmtopia.net\\\/es\\\/libro-el-cuerpo-nazi\\\/\"]}]},{\"@type\":\"ImageObject\",\"inLanguage\":\"es\",\"@id\":\"https:\\\/\\\/filmtopia.net\\\/es\\\/libro-el-cuerpo-nazi\\\/#primaryimage\",\"url\":\"https:\\\/\\\/filmtopia.net\\\/wp-content\\\/uploads\\\/2026\\\/09\\\/Portada-llibre-El-cuerpo-nazi.jpg\",\"contentUrl\":\"https:\\\/\\\/filmtopia.net\\\/wp-content\\\/uploads\\\/2026\\\/09\\\/Portada-llibre-El-cuerpo-nazi.jpg\",\"width\":1576,\"height\":2500,\"caption\":\"Portada llibre El cuerpo nazi\"},{\"@type\":\"BreadcrumbList\",\"@id\":\"https:\\\/\\\/filmtopia.net\\\/es\\\/libro-el-cuerpo-nazi\\\/#breadcrumb\",\"itemListElement\":[{\"@type\":\"ListItem\",\"position\":1,\"name\":\"Inici\",\"item\":\"https:\\\/\\\/filmtopia.net\\\/es\\\/home\\\/\"},{\"@type\":\"ListItem\",\"position\":2,\"name\":\"El cuerpo nazi. El cuerpo contenido: Anatom\u00eda del mito ario y su propaganda\"}]},{\"@type\":\"WebSite\",\"@id\":\"https:\\\/\\\/filmtopia.net\\\/es\\\/#website\",\"url\":\"https:\\\/\\\/filmtopia.net\\\/es\\\/\",\"name\":\"Filmtopia\",\"description\":\"La primera web especialitzada en cinema fet per dones\",\"publisher\":{\"@id\":\"https:\\\/\\\/filmtopia.net\\\/es\\\/#organization\"},\"potentialAction\":[{\"@type\":\"SearchAction\",\"target\":{\"@type\":\"EntryPoint\",\"urlTemplate\":\"https:\\\/\\\/filmtopia.net\\\/es\\\/?s={search_term_string}\"},\"query-input\":{\"@type\":\"PropertyValueSpecification\",\"valueRequired\":true,\"valueName\":\"search_term_string\"}}],\"inLanguage\":\"es\"},{\"@type\":\"Organization\",\"@id\":\"https:\\\/\\\/filmtopia.net\\\/es\\\/#organization\",\"name\":\"Filmtopia\",\"url\":\"https:\\\/\\\/filmtopia.net\\\/es\\\/\",\"logo\":{\"@type\":\"ImageObject\",\"inLanguage\":\"es\",\"@id\":\"https:\\\/\\\/filmtopia.net\\\/es\\\/#\\\/schema\\\/logo\\\/image\\\/\",\"url\":\"https:\\\/\\\/filmtopia.net\\\/wp-content\\\/uploads\\\/2024\\\/02\\\/cropped-Group-813.png\",\"contentUrl\":\"https:\\\/\\\/filmtopia.net\\\/wp-content\\\/uploads\\\/2024\\\/02\\\/cropped-Group-813.png\",\"width\":512,\"height\":512,\"caption\":\"Filmtopia\"},\"image\":{\"@id\":\"https:\\\/\\\/filmtopia.net\\\/es\\\/#\\\/schema\\\/logo\\\/image\\\/\"},\"sameAs\":[\"https:\\\/\\\/www.facebook.com\\\/people\\\/Filmtopia\\\/\",\"https:\\\/\\\/www.instagram.com\\\/filmtopia_net\\\/\"]},{\"@type\":\"Person\",\"@id\":\"https:\\\/\\\/filmtopia.net\\\/es\\\/#\\\/schema\\\/person\\\/94399ec91c54729105f4c2ef406f5e5e\",\"name\":\"aleix\",\"image\":{\"@type\":\"ImageObject\",\"inLanguage\":\"es\",\"@id\":\"https:\\\/\\\/secure.gravatar.com\\\/avatar\\\/fc23f76ada3c47b3c6b7e70d3e663c6f80d2966815e2566de077c9b383898212?s=96&d=mm&r=g\",\"url\":\"https:\\\/\\\/secure.gravatar.com\\\/avatar\\\/fc23f76ada3c47b3c6b7e70d3e663c6f80d2966815e2566de077c9b383898212?s=96&d=mm&r=g\",\"contentUrl\":\"https:\\\/\\\/secure.gravatar.com\\\/avatar\\\/fc23f76ada3c47b3c6b7e70d3e663c6f80d2966815e2566de077c9b383898212?s=96&d=mm&r=g\",\"caption\":\"aleix\"}}]}<\/script>\n<!-- \/ Yoast SEO plugin. -->","yoast_head_json":{"title":"El cuerpo nazi. El cuerpo contenido: Anatom\u00eda del mito ario y su propaganda | Filmtopia","description":"La cineasta, escritora y productora independiente Nayra Sanz Fuentes analiza c\u00f3mo la llegada del nacionalsocialismo alem\u00e1n molde\u00f3 el cuerpo","robots":{"index":"index","follow":"follow","max-snippet":"max-snippet:-1","max-image-preview":"max-image-preview:large","max-video-preview":"max-video-preview:-1"},"canonical":"https:\/\/filmtopia.net\/es\/libro-el-cuerpo-nazi\/","og_locale":"es_ES","og_type":"article","og_title":"El cuerpo nazi. El cuerpo contenido: Anatom\u00eda del mito ario y su propaganda","og_description":"La cineasta, escritora y productora independiente Nayra Sanz Fuentes analiza c\u00f3mo la llegada del nacionalsocialismo alem\u00e1n utiliz\u00f3 y molde\u00f3 el cuerpo individual y colectivo para convertirlo en un \u2018Cuerpo-Estado\u2019 adoctrinado y dirigido hacia ideales nazis con el mito ario y su destino \u00fanico como principales pilares. La imagen constituir\u00eda el medio fundamental de difusi\u00f3n de su ideolog\u00eda, en el que el cine sobresali\u00f3 como el veh\u00edculo pol\u00edtico m\u00e1s propagand\u00edstico. Y tras \u00e9l, la figura de Leni Riefenstahl, siendo su m\u00e1s leal art\u00edfice.","og_url":"https:\/\/filmtopia.net\/es\/libro-el-cuerpo-nazi\/","og_site_name":"Filmtopia","article_publisher":"https:\/\/www.facebook.com\/people\/Filmtopia\/","article_published_time":"2026-09-03T19:56:14+00:00","og_image":[{"url":"https:\/\/filmtopia.net\/wp-content\/uploads\/2026\/09\/Portada-llibre-El-cuerpo-nazi-189x300.jpg","type":"","width":"","height":""}],"author":"aleix","twitter_card":"summary_large_image","twitter_misc":{"Escrito por":"aleix","Tiempo de lectura":"17 minutos"},"schema":{"@context":"https:\/\/schema.org","@graph":[{"@type":"Article","@id":"https:\/\/filmtopia.net\/es\/libro-el-cuerpo-nazi\/#article","isPartOf":{"@id":"https:\/\/filmtopia.net\/es\/libro-el-cuerpo-nazi\/"},"author":{"name":"aleix","@id":"https:\/\/filmtopia.net\/es\/#\/schema\/person\/94399ec91c54729105f4c2ef406f5e5e"},"headline":"Anatom\u00eda del mito ario y su propaganda","datePublished":"2026-09-03T19:56:14+00:00","mainEntityOfPage":{"@id":"https:\/\/filmtopia.net\/es\/libro-el-cuerpo-nazi\/"},"wordCount":14,"commentCount":0,"publisher":{"@id":"https:\/\/filmtopia.net\/es\/#organization"},"image":{"@id":"https:\/\/filmtopia.net\/es\/libro-el-cuerpo-nazi\/#primaryimage"},"thumbnailUrl":"https:\/\/filmtopia.net\/wp-content\/uploads\/2026\/09\/Portada-llibre-El-cuerpo-nazi.jpg","articleSection":["Leni Riefenstahl","LIBROS","Nayra Sanz Fuentes"],"inLanguage":"es","potentialAction":[{"@type":"CommentAction","name":"Comment","target":["https:\/\/filmtopia.net\/es\/libro-el-cuerpo-nazi\/#respond"]}]},{"@type":"WebPage","@id":"https:\/\/filmtopia.net\/es\/libro-el-cuerpo-nazi\/","url":"https:\/\/filmtopia.net\/es\/libro-el-cuerpo-nazi\/","name":"El cuerpo nazi. El cuerpo contenido: Anatom\u00eda del mito ario y su propaganda | Filmtopia","isPartOf":{"@id":"https:\/\/filmtopia.net\/es\/#website"},"primaryImageOfPage":{"@id":"https:\/\/filmtopia.net\/es\/libro-el-cuerpo-nazi\/#primaryimage"},"image":{"@id":"https:\/\/filmtopia.net\/es\/libro-el-cuerpo-nazi\/#primaryimage"},"thumbnailUrl":"https:\/\/filmtopia.net\/wp-content\/uploads\/2026\/09\/Portada-llibre-El-cuerpo-nazi.jpg","datePublished":"2026-09-03T19:56:14+00:00","description":"La cineasta, escritora y productora independiente Nayra Sanz Fuentes analiza c\u00f3mo la llegada del nacionalsocialismo alem\u00e1n molde\u00f3 el cuerpo","breadcrumb":{"@id":"https:\/\/filmtopia.net\/es\/libro-el-cuerpo-nazi\/#breadcrumb"},"inLanguage":"es","potentialAction":[{"@type":"ReadAction","target":["https:\/\/filmtopia.net\/es\/libro-el-cuerpo-nazi\/"]}]},{"@type":"ImageObject","inLanguage":"es","@id":"https:\/\/filmtopia.net\/es\/libro-el-cuerpo-nazi\/#primaryimage","url":"https:\/\/filmtopia.net\/wp-content\/uploads\/2026\/09\/Portada-llibre-El-cuerpo-nazi.jpg","contentUrl":"https:\/\/filmtopia.net\/wp-content\/uploads\/2026\/09\/Portada-llibre-El-cuerpo-nazi.jpg","width":1576,"height":2500,"caption":"Portada llibre El cuerpo nazi"},{"@type":"BreadcrumbList","@id":"https:\/\/filmtopia.net\/es\/libro-el-cuerpo-nazi\/#breadcrumb","itemListElement":[{"@type":"ListItem","position":1,"name":"Inici","item":"https:\/\/filmtopia.net\/es\/home\/"},{"@type":"ListItem","position":2,"name":"El cuerpo nazi. El cuerpo contenido: Anatom\u00eda del mito ario y su propaganda"}]},{"@type":"WebSite","@id":"https:\/\/filmtopia.net\/es\/#website","url":"https:\/\/filmtopia.net\/es\/","name":"Filmtopia","description":"La primera web especialitzada en cinema fet per dones","publisher":{"@id":"https:\/\/filmtopia.net\/es\/#organization"},"potentialAction":[{"@type":"SearchAction","target":{"@type":"EntryPoint","urlTemplate":"https:\/\/filmtopia.net\/es\/?s={search_term_string}"},"query-input":{"@type":"PropertyValueSpecification","valueRequired":true,"valueName":"search_term_string"}}],"inLanguage":"es"},{"@type":"Organization","@id":"https:\/\/filmtopia.net\/es\/#organization","name":"Filmtopia","url":"https:\/\/filmtopia.net\/es\/","logo":{"@type":"ImageObject","inLanguage":"es","@id":"https:\/\/filmtopia.net\/es\/#\/schema\/logo\/image\/","url":"https:\/\/filmtopia.net\/wp-content\/uploads\/2024\/02\/cropped-Group-813.png","contentUrl":"https:\/\/filmtopia.net\/wp-content\/uploads\/2024\/02\/cropped-Group-813.png","width":512,"height":512,"caption":"Filmtopia"},"image":{"@id":"https:\/\/filmtopia.net\/es\/#\/schema\/logo\/image\/"},"sameAs":["https:\/\/www.facebook.com\/people\/Filmtopia\/","https:\/\/www.instagram.com\/filmtopia_net\/"]},{"@type":"Person","@id":"https:\/\/filmtopia.net\/es\/#\/schema\/person\/94399ec91c54729105f4c2ef406f5e5e","name":"aleix","image":{"@type":"ImageObject","inLanguage":"es","@id":"https:\/\/secure.gravatar.com\/avatar\/fc23f76ada3c47b3c6b7e70d3e663c6f80d2966815e2566de077c9b383898212?s=96&d=mm&r=g","url":"https:\/\/secure.gravatar.com\/avatar\/fc23f76ada3c47b3c6b7e70d3e663c6f80d2966815e2566de077c9b383898212?s=96&d=mm&r=g","contentUrl":"https:\/\/secure.gravatar.com\/avatar\/fc23f76ada3c47b3c6b7e70d3e663c6f80d2966815e2566de077c9b383898212?s=96&d=mm&r=g","caption":"aleix"}}]}},"views":0,"_links":{"self":[{"href":"https:\/\/filmtopia.net\/es\/wp-json\/wp\/v2\/posts\/26598","targetHints":{"allow":["GET"]}}],"collection":[{"href":"https:\/\/filmtopia.net\/es\/wp-json\/wp\/v2\/posts"}],"about":[{"href":"https:\/\/filmtopia.net\/es\/wp-json\/wp\/v2\/types\/post"}],"author":[{"embeddable":true,"href":"https:\/\/filmtopia.net\/es\/wp-json\/wp\/v2\/users\/6"}],"replies":[{"embeddable":true,"href":"https:\/\/filmtopia.net\/es\/wp-json\/wp\/v2\/comments?post=26598"}],"version-history":[{"count":3,"href":"https:\/\/filmtopia.net\/es\/wp-json\/wp\/v2\/posts\/26598\/revisions"}],"predecessor-version":[{"id":26616,"href":"https:\/\/filmtopia.net\/es\/wp-json\/wp\/v2\/posts\/26598\/revisions\/26616"}],"wp:featuredmedia":[{"embeddable":true,"href":"https:\/\/filmtopia.net\/es\/wp-json\/wp\/v2\/media\/26593"}],"wp:attachment":[{"href":"https:\/\/filmtopia.net\/es\/wp-json\/wp\/v2\/media?parent=26598"}],"wp:term":[{"taxonomy":"category","embeddable":true,"href":"https:\/\/filmtopia.net\/es\/wp-json\/wp\/v2\/categories?post=26598"},{"taxonomy":"autor","embeddable":true,"href":"https:\/\/filmtopia.net\/es\/wp-json\/wp\/v2\/autor?post=26598"},{"taxonomy":"credit","embeddable":true,"href":"https:\/\/filmtopia.net\/es\/wp-json\/wp\/v2\/credit?post=26598"},{"taxonomy":"festivals","embeddable":true,"href":"https:\/\/filmtopia.net\/es\/wp-json\/wp\/v2\/festivals?post=26598"},{"taxonomy":"film-year","embeddable":true,"href":"https:\/\/filmtopia.net\/es\/wp-json\/wp\/v2\/film-year?post=26598"},{"taxonomy":"seccions","embeddable":true,"href":"https:\/\/filmtopia.net\/es\/wp-json\/wp\/v2\/seccions?post=26598"},{"taxonomy":"temps","embeddable":true,"href":"https:\/\/filmtopia.net\/es\/wp-json\/wp\/v2\/temps?post=26598"},{"taxonomy":"top","embeddable":true,"href":"https:\/\/filmtopia.net\/es\/wp-json\/wp\/v2\/top?post=26598"}],"curies":[{"name":"wp","href":"https:\/\/api.w.org\/{rel}","templated":true}]}}