{"id":8106,"date":"2024-06-14T07:07:21","date_gmt":"2024-06-14T07:07:21","guid":{"rendered":"https:\/\/filmtopia.net\/?p=8106"},"modified":"2025-03-12T18:45:45","modified_gmt":"2025-03-12T18:45:45","slug":"entrevista-su-friedrich","status":"publish","type":"post","link":"https:\/\/filmtopia.net\/es\/entrevista-su-friedrich\/","title":{"rendered":"Autobiograf\u00eda, experimentaci\u00f3n y activismo"},"content":{"rendered":"","protected":false},"excerpt":{"rendered":"","protected":false},"author":6,"featured_media":8075,"comment_status":"open","ping_status":"open","sticky":false,"template":"","format":"standard","meta":{"_acf_changed":false,"_relevanssi_hide_post":"","_relevanssi_hide_content":"","_relevanssi_pin_for_all":"","_relevanssi_pin_keywords":"","_relevanssi_unpin_keywords":"","_relevanssi_related_keywords":"","_relevanssi_related_include_ids":"","_relevanssi_related_exclude_ids":"","_relevanssi_related_no_append":"","_relevanssi_related_not_related":"","_relevanssi_related_posts":"","_relevanssi_noindex_reason":"","footnotes":""},"categories":[170,238,991],"autor":[466],"credit":[992],"festivals":[],"film-year":[],"seccions":[92],"temps":[89],"top":[],"class_list":["post-8106","post","type-post","status-publish","format-standard","has-post-thumbnail","hentry","category-directoras","category-entrevista-es","category-su-friedrich","autor-nuria-vidal-es","credit-su-friedrich-3","seccions-entrevistas","temps-presente"],"acf":[],"yoast_head":"<!-- This site is optimized with the Yoast SEO plugin v27.5 - https:\/\/yoast.com\/product\/yoast-seo-wordpress\/ -->\n<title>Su Friedrich: Autobiograf\u00eda, experimentaci\u00f3n y activismo &#8211; Filmtopia<\/title>\n<meta name=\"description\" content=\"La Filmoteca de Catalunya dedic\u00f3 una retrospectiva a la figura de la directora estadounidense Su Friedrich. El ciclo es el primero en Espa\u00f1a\" \/>\n<meta name=\"robots\" content=\"index, follow, max-snippet:-1, max-image-preview:large, max-video-preview:-1\" \/>\n<link rel=\"canonical\" href=\"https:\/\/filmtopia.net\/es\/entrevista-su-friedrich\/\" \/>\n<meta property=\"og:locale\" content=\"es_ES\" \/>\n<meta property=\"og:type\" content=\"article\" \/>\n<meta property=\"og:title\" content=\"Entrevista: Su Friedrich: Autibiograf\u00eda, experimentaci\u00f3n y activismo\" \/>\n<meta property=\"og:description\" content=\"La Filmoteca de Catalunya, en colaboraci\u00f3n con el Festival Punto de Vista, dedic\u00f3 una retrospectiva el mes de marzo a la figura de la directora estadounidense Su Friedrich. El ciclo, que recog\u00eda una muestra significativa de la veintena de pel\u00edculas de la filmograf\u00eda de la documentalista, es el primero que pudo verse en Espa\u00f1a.\" \/>\n<meta property=\"og:url\" content=\"https:\/\/filmtopia.net\/es\/entrevista-su-friedrich\/\" \/>\n<meta property=\"og:site_name\" content=\"Filmtopia\" \/>\n<meta property=\"article:publisher\" content=\"https:\/\/www.facebook.com\/people\/Filmtopia\/\" \/>\n<meta property=\"article:published_time\" content=\"2024-06-14T07:07:21+00:00\" \/>\n<meta property=\"article:modified_time\" content=\"2025-03-12T18:45:45+00:00\" \/>\n<meta property=\"og:image\" content=\"https:\/\/filmtopia.net\/wp-content\/uploads\/2024\/06\/Su-Friedrich-Degradat-taronka-WEB-apaisat-4.png\" \/>\n\t<meta property=\"og:image:width\" content=\"1327\" \/>\n\t<meta property=\"og:image:height\" content=\"799\" \/>\n\t<meta property=\"og:image:type\" content=\"image\/png\" \/>\n<meta name=\"author\" content=\"aleix\" \/>\n<meta name=\"twitter:card\" content=\"summary_large_image\" \/>\n<meta name=\"twitter:title\" content=\"Entrevista: Su Friedrich: Autibiograf\u00eda, experimentaci\u00f3n y activismo\" \/>\n<meta name=\"twitter:description\" content=\"La Filmoteca de Catalunya, en colaboraci\u00f3n con el Festival Punto de Vista, dedic\u00f3 una retrospectiva el mes de marzo a la figura de la directora estadounidense Su Friedrich. El ciclo, que recog\u00eda una muestra significativa de la veintena de pel\u00edculas de la filmograf\u00eda de la documentalista, es el primero que pudo verse en Espa\u00f1a.\" \/>\n<meta name=\"twitter:image\" content=\"https:\/\/filmtopia.net\/wp-content\/uploads\/2024\/06\/Su-Friedrich-Degradat-taronka-WEB-apaisat-4.png\" \/>\n<meta name=\"twitter:label1\" content=\"Escrito por\" \/>\n\t<meta name=\"twitter:data1\" content=\"aleix\" \/>\n\t<meta name=\"twitter:label2\" content=\"Tiempo de lectura\" \/>\n\t<meta name=\"twitter:data2\" content=\"16 minutos\" \/>\n<script type=\"application\/ld+json\" class=\"yoast-schema-graph\">{\"@context\":\"https:\\\/\\\/schema.org\",\"@graph\":[{\"@type\":\"Article\",\"@id\":\"https:\\\/\\\/filmtopia.net\\\/es\\\/entrevista-su-friedrich\\\/#article\",\"isPartOf\":{\"@id\":\"https:\\\/\\\/filmtopia.net\\\/es\\\/entrevista-su-friedrich\\\/\"},\"author\":{\"name\":\"aleix\",\"@id\":\"https:\\\/\\\/filmtopia.net\\\/es\\\/#\\\/schema\\\/person\\\/94399ec91c54729105f4c2ef406f5e5e\"},\"headline\":\"Autobiograf\u00eda, experimentaci\u00f3n y activismo\",\"datePublished\":\"2024-06-14T07:07:21+00:00\",\"dateModified\":\"2025-03-12T18:45:45+00:00\",\"mainEntityOfPage\":{\"@id\":\"https:\\\/\\\/filmtopia.net\\\/es\\\/entrevista-su-friedrich\\\/\"},\"wordCount\":8,\"commentCount\":0,\"publisher\":{\"@id\":\"https:\\\/\\\/filmtopia.net\\\/es\\\/#organization\"},\"image\":{\"@id\":\"https:\\\/\\\/filmtopia.net\\\/es\\\/entrevista-su-friedrich\\\/#primaryimage\"},\"thumbnailUrl\":\"https:\\\/\\\/filmtopia.net\\\/wp-content\\\/uploads\\\/2024\\\/06\\\/Retrat-Su-Friedrich-scaled.jpeg\",\"articleSection\":[\"DIRECTORAS\",\"ENTREVISTA\",\"Su Friedrich\"],\"inLanguage\":\"es\",\"potentialAction\":[{\"@type\":\"CommentAction\",\"name\":\"Comment\",\"target\":[\"https:\\\/\\\/filmtopia.net\\\/es\\\/entrevista-su-friedrich\\\/#respond\"]}]},{\"@type\":\"WebPage\",\"@id\":\"https:\\\/\\\/filmtopia.net\\\/es\\\/entrevista-su-friedrich\\\/\",\"url\":\"https:\\\/\\\/filmtopia.net\\\/es\\\/entrevista-su-friedrich\\\/\",\"name\":\"Su Friedrich: Autobiograf\u00eda, experimentaci\u00f3n y activismo &#8211; Filmtopia\",\"isPartOf\":{\"@id\":\"https:\\\/\\\/filmtopia.net\\\/es\\\/#website\"},\"primaryImageOfPage\":{\"@id\":\"https:\\\/\\\/filmtopia.net\\\/es\\\/entrevista-su-friedrich\\\/#primaryimage\"},\"image\":{\"@id\":\"https:\\\/\\\/filmtopia.net\\\/es\\\/entrevista-su-friedrich\\\/#primaryimage\"},\"thumbnailUrl\":\"https:\\\/\\\/filmtopia.net\\\/wp-content\\\/uploads\\\/2024\\\/06\\\/Retrat-Su-Friedrich-scaled.jpeg\",\"datePublished\":\"2024-06-14T07:07:21+00:00\",\"dateModified\":\"2025-03-12T18:45:45+00:00\",\"description\":\"La Filmoteca de Catalunya dedic\u00f3 una retrospectiva a la figura de la directora estadounidense Su Friedrich. El ciclo es el primero en Espa\u00f1a\",\"breadcrumb\":{\"@id\":\"https:\\\/\\\/filmtopia.net\\\/es\\\/entrevista-su-friedrich\\\/#breadcrumb\"},\"inLanguage\":\"es\",\"potentialAction\":[{\"@type\":\"ReadAction\",\"target\":[\"https:\\\/\\\/filmtopia.net\\\/es\\\/entrevista-su-friedrich\\\/\"]}]},{\"@type\":\"ImageObject\",\"inLanguage\":\"es\",\"@id\":\"https:\\\/\\\/filmtopia.net\\\/es\\\/entrevista-su-friedrich\\\/#primaryimage\",\"url\":\"https:\\\/\\\/filmtopia.net\\\/wp-content\\\/uploads\\\/2024\\\/06\\\/Retrat-Su-Friedrich-scaled.jpeg\",\"contentUrl\":\"https:\\\/\\\/filmtopia.net\\\/wp-content\\\/uploads\\\/2024\\\/06\\\/Retrat-Su-Friedrich-scaled.jpeg\",\"width\":1965,\"height\":2560},{\"@type\":\"BreadcrumbList\",\"@id\":\"https:\\\/\\\/filmtopia.net\\\/es\\\/entrevista-su-friedrich\\\/#breadcrumb\",\"itemListElement\":[{\"@type\":\"ListItem\",\"position\":1,\"name\":\"Inici\",\"item\":\"https:\\\/\\\/filmtopia.net\\\/es\\\/home\\\/\"},{\"@type\":\"ListItem\",\"position\":2,\"name\":\"Su Friedrich: Autobiograf\u00eda, experimentaci\u00f3n y activismo\"}]},{\"@type\":\"WebSite\",\"@id\":\"https:\\\/\\\/filmtopia.net\\\/es\\\/#website\",\"url\":\"https:\\\/\\\/filmtopia.net\\\/es\\\/\",\"name\":\"Filmtopia\",\"description\":\"La primera web especialitzada en cinema fet per dones\",\"publisher\":{\"@id\":\"https:\\\/\\\/filmtopia.net\\\/es\\\/#organization\"},\"potentialAction\":[{\"@type\":\"SearchAction\",\"target\":{\"@type\":\"EntryPoint\",\"urlTemplate\":\"https:\\\/\\\/filmtopia.net\\\/es\\\/?s={search_term_string}\"},\"query-input\":{\"@type\":\"PropertyValueSpecification\",\"valueRequired\":true,\"valueName\":\"search_term_string\"}}],\"inLanguage\":\"es\"},{\"@type\":\"Organization\",\"@id\":\"https:\\\/\\\/filmtopia.net\\\/es\\\/#organization\",\"name\":\"Filmtopia\",\"url\":\"https:\\\/\\\/filmtopia.net\\\/es\\\/\",\"logo\":{\"@type\":\"ImageObject\",\"inLanguage\":\"es\",\"@id\":\"https:\\\/\\\/filmtopia.net\\\/es\\\/#\\\/schema\\\/logo\\\/image\\\/\",\"url\":\"https:\\\/\\\/filmtopia.net\\\/wp-content\\\/uploads\\\/2024\\\/02\\\/cropped-Group-813.png\",\"contentUrl\":\"https:\\\/\\\/filmtopia.net\\\/wp-content\\\/uploads\\\/2024\\\/02\\\/cropped-Group-813.png\",\"width\":512,\"height\":512,\"caption\":\"Filmtopia\"},\"image\":{\"@id\":\"https:\\\/\\\/filmtopia.net\\\/es\\\/#\\\/schema\\\/logo\\\/image\\\/\"},\"sameAs\":[\"https:\\\/\\\/www.facebook.com\\\/people\\\/Filmtopia\\\/\",\"https:\\\/\\\/www.instagram.com\\\/filmtopia_net\\\/\"]},{\"@type\":\"Person\",\"@id\":\"https:\\\/\\\/filmtopia.net\\\/es\\\/#\\\/schema\\\/person\\\/94399ec91c54729105f4c2ef406f5e5e\",\"name\":\"aleix\",\"image\":{\"@type\":\"ImageObject\",\"inLanguage\":\"es\",\"@id\":\"https:\\\/\\\/secure.gravatar.com\\\/avatar\\\/fc23f76ada3c47b3c6b7e70d3e663c6f80d2966815e2566de077c9b383898212?s=96&d=mm&r=g\",\"url\":\"https:\\\/\\\/secure.gravatar.com\\\/avatar\\\/fc23f76ada3c47b3c6b7e70d3e663c6f80d2966815e2566de077c9b383898212?s=96&d=mm&r=g\",\"contentUrl\":\"https:\\\/\\\/secure.gravatar.com\\\/avatar\\\/fc23f76ada3c47b3c6b7e70d3e663c6f80d2966815e2566de077c9b383898212?s=96&d=mm&r=g\",\"caption\":\"aleix\"},\"url\":\"https:\\\/\\\/filmtopia.net\\\/es\\\/author\\\/aleix\\\/\"}]}<\/script>\n<!-- \/ Yoast SEO plugin. -->","yoast_head_json":{"title":"Su Friedrich: Autobiograf\u00eda, experimentaci\u00f3n y activismo &#8211; Filmtopia","description":"La Filmoteca de Catalunya dedic\u00f3 una retrospectiva a la figura de la directora estadounidense Su Friedrich. El ciclo es el primero en Espa\u00f1a","robots":{"index":"index","follow":"follow","max-snippet":"max-snippet:-1","max-image-preview":"max-image-preview:large","max-video-preview":"max-video-preview:-1"},"canonical":"https:\/\/filmtopia.net\/es\/entrevista-su-friedrich\/","og_locale":"es_ES","og_type":"article","og_title":"Entrevista: Su Friedrich: Autibiograf\u00eda, experimentaci\u00f3n y activismo","og_description":"La Filmoteca de Catalunya, en colaboraci\u00f3n con el Festival Punto de Vista, dedic\u00f3 una retrospectiva el mes de marzo a la figura de la directora estadounidense Su Friedrich. El ciclo, que recog\u00eda una muestra significativa de la veintena de pel\u00edculas de la filmograf\u00eda de la documentalista, es el primero que pudo verse en Espa\u00f1a.","og_url":"https:\/\/filmtopia.net\/es\/entrevista-su-friedrich\/","og_site_name":"Filmtopia","article_publisher":"https:\/\/www.facebook.com\/people\/Filmtopia\/","article_published_time":"2024-06-14T07:07:21+00:00","article_modified_time":"2025-03-12T18:45:45+00:00","og_image":[{"width":1327,"height":799,"url":"https:\/\/filmtopia.net\/wp-content\/uploads\/2024\/06\/Su-Friedrich-Degradat-taronka-WEB-apaisat-4.png","type":"image\/png"}],"author":"aleix","twitter_card":"summary_large_image","twitter_title":"Entrevista: Su Friedrich: Autibiograf\u00eda, experimentaci\u00f3n y activismo","twitter_description":"La Filmoteca de Catalunya, en colaboraci\u00f3n con el Festival Punto de Vista, dedic\u00f3 una retrospectiva el mes de marzo a la figura de la directora estadounidense Su Friedrich. El ciclo, que recog\u00eda una muestra significativa de la veintena de pel\u00edculas de la filmograf\u00eda de la documentalista, es el primero que pudo verse en Espa\u00f1a.","twitter_image":"https:\/\/filmtopia.net\/wp-content\/uploads\/2024\/06\/Su-Friedrich-Degradat-taronka-WEB-apaisat-4.png","twitter_misc":{"Escrito por":"aleix","Tiempo de lectura":"16 minutos"},"schema":{"@context":"https:\/\/schema.org","@graph":[{"@type":"Article","@id":"https:\/\/filmtopia.net\/es\/entrevista-su-friedrich\/#article","isPartOf":{"@id":"https:\/\/filmtopia.net\/es\/entrevista-su-friedrich\/"},"author":{"name":"aleix","@id":"https:\/\/filmtopia.net\/es\/#\/schema\/person\/94399ec91c54729105f4c2ef406f5e5e"},"headline":"Autobiograf\u00eda, experimentaci\u00f3n y activismo","datePublished":"2024-06-14T07:07:21+00:00","dateModified":"2025-03-12T18:45:45+00:00","mainEntityOfPage":{"@id":"https:\/\/filmtopia.net\/es\/entrevista-su-friedrich\/"},"wordCount":8,"commentCount":0,"publisher":{"@id":"https:\/\/filmtopia.net\/es\/#organization"},"image":{"@id":"https:\/\/filmtopia.net\/es\/entrevista-su-friedrich\/#primaryimage"},"thumbnailUrl":"https:\/\/filmtopia.net\/wp-content\/uploads\/2024\/06\/Retrat-Su-Friedrich-scaled.jpeg","articleSection":["DIRECTORAS","ENTREVISTA","Su Friedrich"],"inLanguage":"es","potentialAction":[{"@type":"CommentAction","name":"Comment","target":["https:\/\/filmtopia.net\/es\/entrevista-su-friedrich\/#respond"]}]},{"@type":"WebPage","@id":"https:\/\/filmtopia.net\/es\/entrevista-su-friedrich\/","url":"https:\/\/filmtopia.net\/es\/entrevista-su-friedrich\/","name":"Su Friedrich: Autobiograf\u00eda, experimentaci\u00f3n y activismo &#8211; Filmtopia","isPartOf":{"@id":"https:\/\/filmtopia.net\/es\/#website"},"primaryImageOfPage":{"@id":"https:\/\/filmtopia.net\/es\/entrevista-su-friedrich\/#primaryimage"},"image":{"@id":"https:\/\/filmtopia.net\/es\/entrevista-su-friedrich\/#primaryimage"},"thumbnailUrl":"https:\/\/filmtopia.net\/wp-content\/uploads\/2024\/06\/Retrat-Su-Friedrich-scaled.jpeg","datePublished":"2024-06-14T07:07:21+00:00","dateModified":"2025-03-12T18:45:45+00:00","description":"La Filmoteca de Catalunya dedic\u00f3 una retrospectiva a la figura de la directora estadounidense Su Friedrich. El ciclo es el primero en Espa\u00f1a","breadcrumb":{"@id":"https:\/\/filmtopia.net\/es\/entrevista-su-friedrich\/#breadcrumb"},"inLanguage":"es","potentialAction":[{"@type":"ReadAction","target":["https:\/\/filmtopia.net\/es\/entrevista-su-friedrich\/"]}]},{"@type":"ImageObject","inLanguage":"es","@id":"https:\/\/filmtopia.net\/es\/entrevista-su-friedrich\/#primaryimage","url":"https:\/\/filmtopia.net\/wp-content\/uploads\/2024\/06\/Retrat-Su-Friedrich-scaled.jpeg","contentUrl":"https:\/\/filmtopia.net\/wp-content\/uploads\/2024\/06\/Retrat-Su-Friedrich-scaled.jpeg","width":1965,"height":2560},{"@type":"BreadcrumbList","@id":"https:\/\/filmtopia.net\/es\/entrevista-su-friedrich\/#breadcrumb","itemListElement":[{"@type":"ListItem","position":1,"name":"Inici","item":"https:\/\/filmtopia.net\/es\/home\/"},{"@type":"ListItem","position":2,"name":"Su Friedrich: Autobiograf\u00eda, experimentaci\u00f3n y activismo"}]},{"@type":"WebSite","@id":"https:\/\/filmtopia.net\/es\/#website","url":"https:\/\/filmtopia.net\/es\/","name":"Filmtopia","description":"La primera web especialitzada en cinema fet per dones","publisher":{"@id":"https:\/\/filmtopia.net\/es\/#organization"},"potentialAction":[{"@type":"SearchAction","target":{"@type":"EntryPoint","urlTemplate":"https:\/\/filmtopia.net\/es\/?s={search_term_string}"},"query-input":{"@type":"PropertyValueSpecification","valueRequired":true,"valueName":"search_term_string"}}],"inLanguage":"es"},{"@type":"Organization","@id":"https:\/\/filmtopia.net\/es\/#organization","name":"Filmtopia","url":"https:\/\/filmtopia.net\/es\/","logo":{"@type":"ImageObject","inLanguage":"es","@id":"https:\/\/filmtopia.net\/es\/#\/schema\/logo\/image\/","url":"https:\/\/filmtopia.net\/wp-content\/uploads\/2024\/02\/cropped-Group-813.png","contentUrl":"https:\/\/filmtopia.net\/wp-content\/uploads\/2024\/02\/cropped-Group-813.png","width":512,"height":512,"caption":"Filmtopia"},"image":{"@id":"https:\/\/filmtopia.net\/es\/#\/schema\/logo\/image\/"},"sameAs":["https:\/\/www.facebook.com\/people\/Filmtopia\/","https:\/\/www.instagram.com\/filmtopia_net\/"]},{"@type":"Person","@id":"https:\/\/filmtopia.net\/es\/#\/schema\/person\/94399ec91c54729105f4c2ef406f5e5e","name":"aleix","image":{"@type":"ImageObject","inLanguage":"es","@id":"https:\/\/secure.gravatar.com\/avatar\/fc23f76ada3c47b3c6b7e70d3e663c6f80d2966815e2566de077c9b383898212?s=96&d=mm&r=g","url":"https:\/\/secure.gravatar.com\/avatar\/fc23f76ada3c47b3c6b7e70d3e663c6f80d2966815e2566de077c9b383898212?s=96&d=mm&r=g","contentUrl":"https:\/\/secure.gravatar.com\/avatar\/fc23f76ada3c47b3c6b7e70d3e663c6f80d2966815e2566de077c9b383898212?s=96&d=mm&r=g","caption":"aleix"},"url":"https:\/\/filmtopia.net\/es\/author\/aleix\/"}]}},"views":2,"_links":{"self":[{"href":"https:\/\/filmtopia.net\/es\/wp-json\/wp\/v2\/posts\/8106","targetHints":{"allow":["GET"]}}],"collection":[{"href":"https:\/\/filmtopia.net\/es\/wp-json\/wp\/v2\/posts"}],"about":[{"href":"https:\/\/filmtopia.net\/es\/wp-json\/wp\/v2\/types\/post"}],"author":[{"embeddable":true,"href":"https:\/\/filmtopia.net\/es\/wp-json\/wp\/v2\/users\/6"}],"replies":[{"embeddable":true,"href":"https:\/\/filmtopia.net\/es\/wp-json\/wp\/v2\/comments?post=8106"}],"version-history":[{"count":5,"href":"https:\/\/filmtopia.net\/es\/wp-json\/wp\/v2\/posts\/8106\/revisions"}],"predecessor-version":[{"id":15435,"href":"https:\/\/filmtopia.net\/es\/wp-json\/wp\/v2\/posts\/8106\/revisions\/15435"}],"wp:featuredmedia":[{"embeddable":true,"href":"https:\/\/filmtopia.net\/es\/wp-json\/wp\/v2\/media\/8075"}],"wp:attachment":[{"href":"https:\/\/filmtopia.net\/es\/wp-json\/wp\/v2\/media?parent=8106"}],"wp:term":[{"taxonomy":"category","embeddable":true,"href":"https:\/\/filmtopia.net\/es\/wp-json\/wp\/v2\/categories?post=8106"},{"taxonomy":"autor","embeddable":true,"href":"https:\/\/filmtopia.net\/es\/wp-json\/wp\/v2\/autor?post=8106"},{"taxonomy":"credit","embeddable":true,"href":"https:\/\/filmtopia.net\/es\/wp-json\/wp\/v2\/credit?post=8106"},{"taxonomy":"festivals","embeddable":true,"href":"https:\/\/filmtopia.net\/es\/wp-json\/wp\/v2\/festivals?post=8106"},{"taxonomy":"film-year","embeddable":true,"href":"https:\/\/filmtopia.net\/es\/wp-json\/wp\/v2\/film-year?post=8106"},{"taxonomy":"seccions","embeddable":true,"href":"https:\/\/filmtopia.net\/es\/wp-json\/wp\/v2\/seccions?post=8106"},{"taxonomy":"temps","embeddable":true,"href":"https:\/\/filmtopia.net\/es\/wp-json\/wp\/v2\/temps?post=8106"},{"taxonomy":"top","embeddable":true,"href":"https:\/\/filmtopia.net\/es\/wp-json\/wp\/v2\/top?post=8106"}],"curies":[{"name":"wp","href":"https:\/\/api.w.org\/{rel}","templated":true}]}}